{"id":7839,"date":"2026-07-16T18:05:45","date_gmt":"2026-07-16T16:05:45","guid":{"rendered":"https:\/\/greenwichmeridien.fr\/blog\/histoire-et-culture\/heure-et-calendrier\/difference-entre-utc-et-gmt\/"},"modified":"2026-07-16T18:05:45","modified_gmt":"2026-07-16T16:05:45","slug":"difference-entre-utc-et-gmt","status":"publish","type":"post","link":"https:\/\/greenwichmeridien.fr\/blog\/histoire-et-culture\/heure-et-calendrier\/difference-entre-utc-et-gmt\/","title":{"rendered":"Quelle est la diff\u00e9rence entre UTC et GMT ?"},"content":{"rendered":"<p><strong>Dans la vie courante, UTC et GMT d\u00e9signent la m\u00eame heure : celle du m\u00e9ridien de Greenwich, sans d\u00e9calage. La diff\u00e9rence est technique : GMT est une heure solaire (bas\u00e9e sur la rotation de la Terre), UTC est une \u00e9chelle atomique (bas\u00e9e sur des horloges), et l&rsquo;\u00e9cart entre les deux ne d\u00e9passe jamais 0,9 seconde.<\/strong><\/p>\n<p>Autrement dit : si un site, une compagnie a\u00e9rienne ou un jeu vid\u00e9o vous donne un horaire \u00ab GMT \u00bb ou \u00ab UTC \u00bb, vous pouvez les traiter comme des synonymes. La nuance ne compte que pour les astronomes, les informaticiens et les m\u00e9trologues.<\/p>\n<h2>GMT et UTC en face \u00e0 face<\/h2>\n<table>\n<thead>\n<tr>\n<th><\/th>\n<th>GMT<\/th>\n<th>UTC<\/th>\n<\/tr>\n<\/thead>\n<tbody>\n<tr>\n<td>Nom complet<\/td>\n<td>Greenwich Mean Time (temps moyen de Greenwich)<\/td>\n<td>Temps universel coordonn\u00e9<\/td>\n<\/tr>\n<tr>\n<td>Base<\/td>\n<td>La rotation de la Terre, observ\u00e9e depuis le m\u00e9ridien de Greenwich<\/td>\n<td>Des centaines d&rsquo;horloges atomiques r\u00e9parties dans le monde<\/td>\n<\/tr>\n<tr>\n<td>Pr\u00e9cision<\/td>\n<td>Variable : la rotation terrestre ralentit et fluctue l\u00e9g\u00e8rement<\/td>\n<td>Stable \u00e0 la nanoseconde pr\u00e8s<\/td>\n<\/tr>\n<tr>\n<td>Statut<\/td>\n<td>R\u00e9f\u00e9rence historique (XIX\u1d49 si\u00e8cle), encore utilis\u00e9e au Royaume-Uni<\/td>\n<td>R\u00e9f\u00e9rence officielle mondiale depuis les ann\u00e9es 1970<\/td>\n<\/tr>\n<\/tbody>\n<\/table>\n<h2>Pourquoi UTC a remplac\u00e9 GMT<\/h2>\n<p>Pendant pr\u00e8s d&rsquo;un si\u00e8cle, l&rsquo;heure du monde \u00e9tait r\u00e9gl\u00e9e sur l&rsquo;observatoire de Greenwich : la conf\u00e9rence de Washington de 1884 avait fait de son m\u00e9ridien la r\u00e9f\u00e9rence de longitude et donc de temps. Mais la Terre est une horloge m\u00e9diocre : sa rotation ralentit et conna\u00eet des \u00e0-coups. Avec l&rsquo;arriv\u00e9e des horloges atomiques dans les ann\u00e9es 1950-60, on a invers\u00e9 la logique : ce sont d\u00e9sormais les atomes de c\u00e9sium qui donnent l&rsquo;heure, et on la recale de temps en temps sur la Terre. Ce compromis, en vigueur sous sa forme actuelle depuis 1972, s&rsquo;appelle UTC.<\/p>\n<p>Le recalage se fait par des <strong>secondes intercalaires<\/strong> : quand l&rsquo;\u00e9cart entre l&rsquo;heure atomique et la rotation terrestre approche 0,9 seconde, on ajoute une seconde \u00e0 UTC (un 23 h 59 min 60 s). Il y en a eu 27 depuis 1972, la derni\u00e8re au 31 d\u00e9cembre 2016.<\/p>\n<h2>Pourquoi \u00ab UTC \u00bb et pas \u00ab TUC \u00bb ou \u00ab CUT \u00bb ?<\/h2>\n<p>Le sigle est un compromis diplomatique assum\u00e9 : les anglophones voulaient CUT (Coordinated Universal Time), les francophones TUC (temps universel coordonn\u00e9). L&rsquo;Union internationale des t\u00e9l\u00e9communications a tranch\u00e9 en choisissant UTC, qui ne correspond \u00e0 l&rsquo;ordre des mots dans aucune des deux langues \u2014 et ne fait donc de jaloux nulle part.<\/p>\n<details>\n<summary>Quelle est l&rsquo;heure UTC en France ?<\/summary>\n<p>La France m\u00e9tropolitaine vit en UTC+1 en hiver et UTC+2 en \u00e9t\u00e9. Quand il est 12 h 00 UTC, il est donc 13 h en hiver et 14 h en \u00e9t\u00e9 \u00e0 Paris.<\/p>\n<\/details>\n<details>\n<summary>Pourquoi l&rsquo;aviation utilise-t-elle UTC ?<\/summary>\n<p>Pour \u00e9liminer toute ambigu\u00eft\u00e9 de fuseau : plans de vol, contr\u00f4les a\u00e9riens et m\u00e9t\u00e9o a\u00e9ronautique sont exprim\u00e9s en UTC, surnomm\u00e9 \u00ab heure zoulou \u00bb (Z) dans l&rsquo;alphabet radio. Un horaire \u00ab 14:30Z \u00bb est le m\u00eame pour un pilote \u00e0 Tokyo ou \u00e0 Paris.<\/p>\n<\/details>\n<details>\n<summary>Les secondes intercalaires vont-elles dispara\u00eetre ?<\/summary>\n<p>Oui, c&rsquo;est pr\u00e9vu : la Conf\u00e9rence g\u00e9n\u00e9rale des poids et mesures a d\u00e9cid\u00e9 en 2022 d&rsquo;abandonner ce m\u00e9canisme d&rsquo;ici 2035, car il complique les syst\u00e8mes informatiques. UTC d\u00e9rivera alors tr\u00e8s lentement de l&rsquo;heure solaire, ce qui restera imperceptible pendant des si\u00e8cles.<\/p>\n<\/details>\n<details>\n<summary>Le Royaume-Uni vit-il \u00ab \u00e0 l&rsquo;heure GMT \u00bb toute l&rsquo;ann\u00e9e ?<\/summary>\n<p>Non : GMT n&rsquo;est son heure l\u00e9gale qu&rsquo;en hiver. L&rsquo;\u00e9t\u00e9, le pays passe au British Summer Time (GMT+1), en changeant d&rsquo;heure les m\u00eames nuits que le reste de l&rsquo;Europe.<\/p>\n<\/details>\n<h2>\u00c0 lire aussi<\/h2>\n<ul>\n<li><a href=\"https:\/\/greenwichmeridien.fr\/blog\/histoire-et-culture\/heure-et-calendrier\/heure-et-calendrier-questions\/\">L&rsquo;heure et le calendrier en questions : le sommaire complet<\/a><\/li>\n<li><a href=\"https:\/\/greenwichmeridien.fr\/blog\/histoire-et-culture\/heure-et-calendrier\/quelle-est-lheure-gmt-en-france\/\">Quelle est l&rsquo;heure GMT en France ?<\/a><\/li>\n<li><a href=\"https:\/\/greenwichmeridien.fr\/blog\/histoire-et-culture\/heure-et-calendrier\/pourquoi-des-fuseaux-horaires\/\">Pourquoi y a-t-il des fuseaux horaires ?<\/a><\/li>\n<\/ul>\n","protected":false},"excerpt":{"rendered":"","protected":false},"author":34,"featured_media":999999999,"comment_status":"open","ping_status":"open","sticky":false,"template":"","format":"standard","meta":{"_acf_changed":false,"manual_indexmenow":false,"indexmenow_id_project":0,"footnotes":""},"categories":[4824],"tags":[],"class_list":["post-7839","post","type-post","status-publish","format-standard","has-post-thumbnail","hentry","category-heure-et-calendrier","generate-columns","tablet-grid-50","mobile-grid-100","grid-parent","grid-25"],"acf":[],"yoast_head":"<!-- This site is optimized with the Yoast SEO Premium plugin v21.3 (Yoast SEO v25.6) - https:\/\/yoast.com\/wordpress\/plugins\/seo\/ -->\n<title>Quelle est la diff\u00e9rence entre UTC et GMT ?<\/title>\n<meta name=\"description\" content=\"Dans la vie courante, UTC et GMT d\u00e9signent la m\u00eame heure : celle du m\u00e9ridien de Greenwich, sans d\u00e9calage. La diff\u00e9rence est technique : GMT est une heure\" \/>\n<meta name=\"robots\" content=\"index, follow, max-snippet:-1, max-image-preview:large, max-video-preview:-1\" \/>\n<link rel=\"canonical\" href=\"https:\/\/greenwichmeridien.fr\/blog\/histoire-et-culture\/heure-et-calendrier\/difference-entre-utc-et-gmt\/\" \/>\n<meta property=\"og:locale\" content=\"fr_FR\" \/>\n<meta property=\"og:type\" content=\"article\" \/>\n<meta property=\"og:title\" content=\"Quelle est la diff\u00e9rence entre UTC et GMT ?\" \/>\n<meta property=\"og:description\" content=\"Dans la vie courante, UTC et GMT d\u00e9signent la m\u00eame heure : celle du m\u00e9ridien de Greenwich, sans d\u00e9calage. La diff\u00e9rence est technique : GMT est une heure\" \/>\n<meta property=\"og:url\" content=\"https:\/\/greenwichmeridien.fr\/blog\/histoire-et-culture\/heure-et-calendrier\/difference-entre-utc-et-gmt\/\" \/>\n<meta property=\"og:site_name\" content=\"greenwichmeridien\" \/>\n<meta name=\"author\" content=\"Samuel Chalmin\" \/>\n<meta name=\"twitter:card\" content=\"summary_large_image\" \/>\n<script type=\"application\/ld+json\" class=\"yoast-schema-graph\">{\"@context\":\"https:\/\/schema.org\",\"@graph\":[{\"@type\":\"NewsArticle\",\"@id\":\"https:\/\/greenwichmeridien.fr\/blog\/histoire-et-culture\/heure-et-calendrier\/difference-entre-utc-et-gmt\/#article\",\"isPartOf\":{\"@id\":\"https:\/\/greenwichmeridien.fr\/blog\/histoire-et-culture\/heure-et-calendrier\/difference-entre-utc-et-gmt\/\"},\"author\":{\"name\":\"Samuel Chalmin\",\"@id\":\"https:\/\/greenwichmeridien.fr\/blog\/#\/schema\/person\/3c864cdc320801e3db34b663e7e3f816\"},\"headline\":\"Quelle est la diff\u00e9rence entre UTC et GMT ?\",\"datePublished\":\"2026-07-16T16:05:45+00:00\",\"mainEntityOfPage\":{\"@id\":\"https:\/\/greenwichmeridien.fr\/blog\/histoire-et-culture\/heure-et-calendrier\/difference-entre-utc-et-gmt\/\"},\"wordCount\":627,\"commentCount\":0,\"publisher\":{\"@id\":\"https:\/\/greenwichmeridien.fr\/blog\/#organization\"},\"image\":{\"@id\":\"https:\/\/greenwichmeridien.fr\/blog\/histoire-et-culture\/heure-et-calendrier\/difference-entre-utc-et-gmt\/#primaryimage\"},\"thumbnailUrl\":\"https:\/\/images.pexels.com\/photos\/36617475\/pexels-photo-36617475.jpeg?auto=compress&cs=tinysrgb&fit=crop&h=627&w=1200\",\"articleSection\":[\"L'heure &amp; le calendrier\"],\"inLanguage\":\"fr-FR\",\"potentialAction\":[{\"@type\":\"CommentAction\",\"name\":\"Comment\",\"target\":[\"https:\/\/greenwichmeridien.fr\/blog\/histoire-et-culture\/heure-et-calendrier\/difference-entre-utc-et-gmt\/#respond\"]}]},{\"@type\":\"WebPage\",\"@id\":\"https:\/\/greenwichmeridien.fr\/blog\/histoire-et-culture\/heure-et-calendrier\/difference-entre-utc-et-gmt\/\",\"url\":\"https:\/\/greenwichmeridien.fr\/blog\/histoire-et-culture\/heure-et-calendrier\/difference-entre-utc-et-gmt\/\",\"name\":\"Quelle est la diff\u00e9rence entre UTC et GMT ?\",\"isPartOf\":{\"@id\":\"https:\/\/greenwichmeridien.fr\/blog\/#website\"},\"primaryImageOfPage\":{\"@id\":\"https:\/\/greenwichmeridien.fr\/blog\/histoire-et-culture\/heure-et-calendrier\/difference-entre-utc-et-gmt\/#primaryimage\"},\"image\":{\"@id\":\"https:\/\/greenwichmeridien.fr\/blog\/histoire-et-culture\/heure-et-calendrier\/difference-entre-utc-et-gmt\/#primaryimage\"},\"thumbnailUrl\":\"https:\/\/images.pexels.com\/photos\/36617475\/pexels-photo-36617475.jpeg?auto=compress&cs=tinysrgb&fit=crop&h=627&w=1200\",\"datePublished\":\"2026-07-16T16:05:45+00:00\",\"description\":\"Dans la vie courante, UTC et GMT d\u00e9signent la m\u00eame heure : celle du m\u00e9ridien de Greenwich, sans d\u00e9calage. La diff\u00e9rence est technique : GMT est une heure\",\"inLanguage\":\"fr-FR\",\"potentialAction\":[{\"@type\":\"ReadAction\",\"target\":[\"https:\/\/greenwichmeridien.fr\/blog\/histoire-et-culture\/heure-et-calendrier\/difference-entre-utc-et-gmt\/\"]}]},{\"@type\":\"ImageObject\",\"inLanguage\":\"fr-FR\",\"@id\":\"https:\/\/greenwichmeridien.fr\/blog\/histoire-et-culture\/heure-et-calendrier\/difference-entre-utc-et-gmt\/#primaryimage\",\"url\":\"https:\/\/images.pexels.com\/photos\/36617475\/pexels-photo-36617475.jpeg?auto=compress&cs=tinysrgb&fit=crop&h=627&w=1200\",\"contentUrl\":\"https:\/\/images.pexels.com\/photos\/36617475\/pexels-photo-36617475.jpeg?auto=compress&cs=tinysrgb&fit=crop&h=627&w=1200\"},{\"@type\":\"WebSite\",\"@id\":\"https:\/\/greenwichmeridien.fr\/blog\/#website\",\"url\":\"https:\/\/greenwichmeridien.fr\/blog\/\",\"name\":\"Greenwich M\u00e9ridien\",\"description\":\"Greenwich M\u00e9ridien, le rep\u00e8re du temps et du voyage\",\"publisher\":{\"@id\":\"https:\/\/greenwichmeridien.fr\/blog\/#organization\"},\"alternateName\":\"Greenwich M\u00e9ridien, le rep\u00e8re du temps et du voyage\",\"potentialAction\":[{\"@type\":\"SearchAction\",\"target\":{\"@type\":\"EntryPoint\",\"urlTemplate\":\"https:\/\/greenwichmeridien.fr\/blog\/?s={search_term_string}\"},\"query-input\":{\"@type\":\"PropertyValueSpecification\",\"valueRequired\":true,\"valueName\":\"search_term_string\"}}],\"inLanguage\":\"fr-FR\"},{\"@type\":\"Organization\",\"@id\":\"https:\/\/greenwichmeridien.fr\/blog\/#organization\",\"name\":\"Greenwich M\u00e9ridien\",\"alternateName\":\"Greenwich M\u00e9ridien\",\"url\":\"https:\/\/greenwichmeridien.fr\/blog\/\",\"logo\":{\"@type\":\"ImageObject\",\"inLanguage\":\"fr-FR\",\"@id\":\"https:\/\/greenwichmeridien.fr\/blog\/#\/schema\/logo\/image\/\",\"url\":\"https:\/\/greenwichmeridien.fr\/blog\/wp-content\/uploads\/2024\/12\/greenwichmeridien.png\",\"contentUrl\":\"https:\/\/greenwichmeridien.fr\/blog\/wp-content\/uploads\/2024\/12\/greenwichmeridien.png\",\"width\":500,\"height\":500,\"caption\":\"Greenwich M\u00e9ridien\"},\"image\":{\"@id\":\"https:\/\/greenwichmeridien.fr\/blog\/#\/schema\/logo\/image\/\"}},{\"@type\":\"Person\",\"@id\":\"https:\/\/greenwichmeridien.fr\/blog\/#\/schema\/person\/3c864cdc320801e3db34b663e7e3f816\",\"name\":\"Samuel Chalmin\",\"image\":{\"@type\":\"ImageObject\",\"inLanguage\":\"fr-FR\",\"@id\":\"https:\/\/greenwichmeridien.fr\/blog\/#\/schema\/person\/image\/\",\"url\":\"https:\/\/secure.gravatar.com\/avatar\/cef3677de7d237273d13053728f9470818581a8a27d9bf6f5039fd18508a905f?s=96&d=mm&r=g\",\"contentUrl\":\"https:\/\/secure.gravatar.com\/avatar\/cef3677de7d237273d13053728f9470818581a8a27d9bf6f5039fd18508a905f?s=96&d=mm&r=g\",\"caption\":\"Samuel Chalmin\"},\"description\":\"R\u00e9dacteur du site, il suit les questions de temps et de calendrier : m\u00e9ridien de Greenwich, heure GMT et UTC, fuseaux horaires, changement d'heure, ann\u00e9es bissextiles et jours f\u00e9ri\u00e9s.\",\"sameAs\":[\"https:\/\/samuelchalmin.fr\/\"],\"url\":\"https:\/\/greenwichmeridien.fr\/blog\/auteur\/noname\/\"}]}<\/script>\n<!-- \/ Yoast SEO Premium plugin. -->","yoast_head_json":{"title":"Quelle est la diff\u00e9rence entre UTC et GMT ?","description":"Dans la vie courante, UTC et GMT d\u00e9signent la m\u00eame heure : celle du m\u00e9ridien de Greenwich, sans d\u00e9calage. La diff\u00e9rence est technique : GMT est une heure","robots":{"index":"index","follow":"follow","max-snippet":"max-snippet:-1","max-image-preview":"max-image-preview:large","max-video-preview":"max-video-preview:-1"},"canonical":"https:\/\/greenwichmeridien.fr\/blog\/histoire-et-culture\/heure-et-calendrier\/difference-entre-utc-et-gmt\/","og_locale":"fr_FR","og_type":"article","og_title":"Quelle est la diff\u00e9rence entre UTC et GMT ?","og_description":"Dans la vie courante, UTC et GMT d\u00e9signent la m\u00eame heure : celle du m\u00e9ridien de Greenwich, sans d\u00e9calage. La diff\u00e9rence est technique : GMT est une heure","og_url":"https:\/\/greenwichmeridien.fr\/blog\/histoire-et-culture\/heure-et-calendrier\/difference-entre-utc-et-gmt\/","og_site_name":"greenwichmeridien","author":"Samuel Chalmin","twitter_card":"summary_large_image","schema":{"@context":"https:\/\/schema.org","@graph":[{"@type":"NewsArticle","@id":"https:\/\/greenwichmeridien.fr\/blog\/histoire-et-culture\/heure-et-calendrier\/difference-entre-utc-et-gmt\/#article","isPartOf":{"@id":"https:\/\/greenwichmeridien.fr\/blog\/histoire-et-culture\/heure-et-calendrier\/difference-entre-utc-et-gmt\/"},"author":{"name":"Samuel Chalmin","@id":"https:\/\/greenwichmeridien.fr\/blog\/#\/schema\/person\/3c864cdc320801e3db34b663e7e3f816"},"headline":"Quelle est la diff\u00e9rence entre UTC et GMT ?","datePublished":"2026-07-16T16:05:45+00:00","mainEntityOfPage":{"@id":"https:\/\/greenwichmeridien.fr\/blog\/histoire-et-culture\/heure-et-calendrier\/difference-entre-utc-et-gmt\/"},"wordCount":627,"commentCount":0,"publisher":{"@id":"https:\/\/greenwichmeridien.fr\/blog\/#organization"},"image":{"@id":"https:\/\/greenwichmeridien.fr\/blog\/histoire-et-culture\/heure-et-calendrier\/difference-entre-utc-et-gmt\/#primaryimage"},"thumbnailUrl":"https:\/\/images.pexels.com\/photos\/36617475\/pexels-photo-36617475.jpeg?auto=compress&cs=tinysrgb&fit=crop&h=627&w=1200","articleSection":["L'heure &amp; le calendrier"],"inLanguage":"fr-FR","potentialAction":[{"@type":"CommentAction","name":"Comment","target":["https:\/\/greenwichmeridien.fr\/blog\/histoire-et-culture\/heure-et-calendrier\/difference-entre-utc-et-gmt\/#respond"]}]},{"@type":"WebPage","@id":"https:\/\/greenwichmeridien.fr\/blog\/histoire-et-culture\/heure-et-calendrier\/difference-entre-utc-et-gmt\/","url":"https:\/\/greenwichmeridien.fr\/blog\/histoire-et-culture\/heure-et-calendrier\/difference-entre-utc-et-gmt\/","name":"Quelle est la diff\u00e9rence entre UTC et GMT ?","isPartOf":{"@id":"https:\/\/greenwichmeridien.fr\/blog\/#website"},"primaryImageOfPage":{"@id":"https:\/\/greenwichmeridien.fr\/blog\/histoire-et-culture\/heure-et-calendrier\/difference-entre-utc-et-gmt\/#primaryimage"},"image":{"@id":"https:\/\/greenwichmeridien.fr\/blog\/histoire-et-culture\/heure-et-calendrier\/difference-entre-utc-et-gmt\/#primaryimage"},"thumbnailUrl":"https:\/\/images.pexels.com\/photos\/36617475\/pexels-photo-36617475.jpeg?auto=compress&cs=tinysrgb&fit=crop&h=627&w=1200","datePublished":"2026-07-16T16:05:45+00:00","description":"Dans la vie courante, UTC et GMT d\u00e9signent la m\u00eame heure : celle du m\u00e9ridien de Greenwich, sans d\u00e9calage. La diff\u00e9rence est technique : GMT est une heure","inLanguage":"fr-FR","potentialAction":[{"@type":"ReadAction","target":["https:\/\/greenwichmeridien.fr\/blog\/histoire-et-culture\/heure-et-calendrier\/difference-entre-utc-et-gmt\/"]}]},{"@type":"ImageObject","inLanguage":"fr-FR","@id":"https:\/\/greenwichmeridien.fr\/blog\/histoire-et-culture\/heure-et-calendrier\/difference-entre-utc-et-gmt\/#primaryimage","url":"https:\/\/images.pexels.com\/photos\/36617475\/pexels-photo-36617475.jpeg?auto=compress&cs=tinysrgb&fit=crop&h=627&w=1200","contentUrl":"https:\/\/images.pexels.com\/photos\/36617475\/pexels-photo-36617475.jpeg?auto=compress&cs=tinysrgb&fit=crop&h=627&w=1200"},{"@type":"WebSite","@id":"https:\/\/greenwichmeridien.fr\/blog\/#website","url":"https:\/\/greenwichmeridien.fr\/blog\/","name":"Greenwich M\u00e9ridien","description":"Greenwich M\u00e9ridien, le rep\u00e8re du temps et du voyage","publisher":{"@id":"https:\/\/greenwichmeridien.fr\/blog\/#organization"},"alternateName":"Greenwich M\u00e9ridien, le rep\u00e8re du temps et du voyage","potentialAction":[{"@type":"SearchAction","target":{"@type":"EntryPoint","urlTemplate":"https:\/\/greenwichmeridien.fr\/blog\/?s={search_term_string}"},"query-input":{"@type":"PropertyValueSpecification","valueRequired":true,"valueName":"search_term_string"}}],"inLanguage":"fr-FR"},{"@type":"Organization","@id":"https:\/\/greenwichmeridien.fr\/blog\/#organization","name":"Greenwich M\u00e9ridien","alternateName":"Greenwich M\u00e9ridien","url":"https:\/\/greenwichmeridien.fr\/blog\/","logo":{"@type":"ImageObject","inLanguage":"fr-FR","@id":"https:\/\/greenwichmeridien.fr\/blog\/#\/schema\/logo\/image\/","url":"https:\/\/greenwichmeridien.fr\/blog\/wp-content\/uploads\/2024\/12\/greenwichmeridien.png","contentUrl":"https:\/\/greenwichmeridien.fr\/blog\/wp-content\/uploads\/2024\/12\/greenwichmeridien.png","width":500,"height":500,"caption":"Greenwich M\u00e9ridien"},"image":{"@id":"https:\/\/greenwichmeridien.fr\/blog\/#\/schema\/logo\/image\/"}},{"@type":"Person","@id":"https:\/\/greenwichmeridien.fr\/blog\/#\/schema\/person\/3c864cdc320801e3db34b663e7e3f816","name":"Samuel Chalmin","image":{"@type":"ImageObject","inLanguage":"fr-FR","@id":"https:\/\/greenwichmeridien.fr\/blog\/#\/schema\/person\/image\/","url":"https:\/\/secure.gravatar.com\/avatar\/cef3677de7d237273d13053728f9470818581a8a27d9bf6f5039fd18508a905f?s=96&d=mm&r=g","contentUrl":"https:\/\/secure.gravatar.com\/avatar\/cef3677de7d237273d13053728f9470818581a8a27d9bf6f5039fd18508a905f?s=96&d=mm&r=g","caption":"Samuel Chalmin"},"description":"R\u00e9dacteur du site, il suit les questions de temps et de calendrier : m\u00e9ridien de Greenwich, heure GMT et UTC, fuseaux horaires, changement d'heure, ann\u00e9es bissextiles et jours f\u00e9ri\u00e9s.","sameAs":["https:\/\/samuelchalmin.fr\/"],"url":"https:\/\/greenwichmeridien.fr\/blog\/auteur\/noname\/"}]}},"_links":{"self":[{"href":"https:\/\/greenwichmeridien.fr\/blog\/wp-json\/wp\/v2\/posts\/7839","targetHints":{"allow":["GET"]}}],"collection":[{"href":"https:\/\/greenwichmeridien.fr\/blog\/wp-json\/wp\/v2\/posts"}],"about":[{"href":"https:\/\/greenwichmeridien.fr\/blog\/wp-json\/wp\/v2\/types\/post"}],"author":[{"embeddable":true,"href":"https:\/\/greenwichmeridien.fr\/blog\/wp-json\/wp\/v2\/users\/34"}],"replies":[{"embeddable":true,"href":"https:\/\/greenwichmeridien.fr\/blog\/wp-json\/wp\/v2\/comments?post=7839"}],"version-history":[{"count":0,"href":"https:\/\/greenwichmeridien.fr\/blog\/wp-json\/wp\/v2\/posts\/7839\/revisions"}],"wp:attachment":[{"href":"https:\/\/greenwichmeridien.fr\/blog\/wp-json\/wp\/v2\/media?parent=7839"}],"wp:term":[{"taxonomy":"category","embeddable":true,"href":"https:\/\/greenwichmeridien.fr\/blog\/wp-json\/wp\/v2\/categories?post=7839"},{"taxonomy":"post_tag","embeddable":true,"href":"https:\/\/greenwichmeridien.fr\/blog\/wp-json\/wp\/v2\/tags?post=7839"}],"curies":[{"name":"wp","href":"https:\/\/api.w.org\/{rel}","templated":true}]}}