{"id":7840,"date":"2026-07-16T18:05:51","date_gmt":"2026-07-16T16:05:51","guid":{"rendered":"https:\/\/greenwichmeridien.fr\/blog\/histoire-et-culture\/heure-et-calendrier\/quelle-est-lheure-gmt-en-france\/"},"modified":"2026-07-16T18:05:51","modified_gmt":"2026-07-16T16:05:51","slug":"quelle-est-lheure-gmt-en-france","status":"publish","type":"post","link":"https:\/\/greenwichmeridien.fr\/blog\/histoire-et-culture\/heure-et-calendrier\/quelle-est-lheure-gmt-en-france\/","title":{"rendered":"Quelle est l&rsquo;heure GMT en France ?"},"content":{"rendered":"<p><strong>La France m\u00e9tropolitaine est \u00e0 GMT+1 en hiver et GMT+2 en \u00e9t\u00e9. Pour convertir : quand on vous donne une heure \u00ab GMT \u00bb, ajoutez 1 heure en hiver et 2 heures en \u00e9t\u00e9. Un rendez-vous \u00e0 \u00ab 8 h 00 GMT \u00bb a donc lieu \u00e0 9 h en janvier et \u00e0 10 h en juillet, heure de Paris.<\/strong><\/p>\n<p>C&rsquo;est la question pi\u00e8ge des matchs diffus\u00e9s \u00e0 l&rsquo;\u00e9tranger, des webinaires internationaux et des jeux en ligne : l&rsquo;horaire annonc\u00e9 en GMT (ou UTC, c&rsquo;est la m\u00eame heure en pratique) n&rsquo;est jamais l&rsquo;heure de votre montre.<\/p>\n<h2>Tableau de conversion GMT \u2192 heure fran\u00e7aise<\/h2>\n<table>\n<thead>\n<tr>\n<th>Heure GMT<\/th>\n<th>Heure en France (hiver, GMT+1)<\/th>\n<th>Heure en France (\u00e9t\u00e9, GMT+2)<\/th>\n<\/tr>\n<\/thead>\n<tbody>\n<tr>\n<td>6 h 00<\/td>\n<td>7 h 00<\/td>\n<td>8 h 00<\/td>\n<\/tr>\n<tr>\n<td>8 h 00<\/td>\n<td>9 h 00<\/td>\n<td>10 h 00<\/td>\n<\/tr>\n<tr>\n<td>12 h 00<\/td>\n<td>13 h 00<\/td>\n<td>14 h 00<\/td>\n<\/tr>\n<tr>\n<td>18 h 00<\/td>\n<td>19 h 00<\/td>\n<td>20 h 00<\/td>\n<\/tr>\n<tr>\n<td>22 h 00<\/td>\n<td>23 h 00<\/td>\n<td>0 h 00 (lendemain)<\/td>\n<\/tr>\n<\/tbody>\n<\/table>\n<p>L&rsquo;heure d&rsquo;\u00e9t\u00e9 s&rsquo;applique du dernier dimanche de mars au dernier dimanche d&rsquo;octobre. Attention au pi\u00e8ge des demi-saisons : le Royaume-Uni change d&rsquo;heure les m\u00eames nuits que nous, mais d&rsquo;autres pays (\u00c9tats-Unis, notamment) basculent \u00e0 des dates diff\u00e9rentes, ce qui d\u00e9cale ponctuellement les \u00e9carts habituels.<\/p>\n<h2>Pourquoi la France n&rsquo;est pas \u00e0 l&rsquo;heure de Greenwich<\/h2>\n<p>C&rsquo;est l&rsquo;anomalie la plus m\u00e9connue de nos horloges : le m\u00e9ridien de Greenwich traverse la France, de Villers-sur-Mer en Normandie aux Pyr\u00e9n\u00e9es. G\u00e9ographiquement, nous devrions donc vivre \u00e0 GMT+0, comme le Royaume-Uni ou le Portugal.<\/p>\n<p>L&rsquo;histoire en a d\u00e9cid\u00e9 autrement. Jusqu&rsquo;en 1911, la France vivait \u00e0 l&rsquo;heure de Paris ; elle adopte ensuite l&rsquo;heure de Greenwich. Puis, en 1940, l&rsquo;occupant allemand aligne la zone occup\u00e9e sur l&rsquo;heure de Berlin (GMT+1). \u00c0 la Lib\u00e9ration, ce d\u00e9calage n&rsquo;a jamais \u00e9t\u00e9 annul\u00e9 : la France est rest\u00e9e \u00e0 l&rsquo;heure allemande, et l&rsquo;heure d&rsquo;\u00e9t\u00e9 de 1976 a ajout\u00e9 une deuxi\u00e8me heure d&rsquo;avance sur le soleil. C&rsquo;est pour cela que le soleil culmine \u00e0 Paris vers 13 h 50 en \u00e9t\u00e9, et non \u00e0 midi.<\/p>\n<h2>Et l&rsquo;outre-mer ?<\/h2>\n<p>La mention \u00ab heure de Paris \u00bb ne vaut que pour la m\u00e9tropole : la Guadeloupe et la Martinique sont \u00e0 GMT\u22124, la Guyane \u00e0 GMT\u22123, La R\u00e9union \u00e0 GMT+4, Mayotte \u00e0 GMT+3, la Nouvelle-Cal\u00e9donie \u00e0 GMT+11 \u2014 aucun de ces territoires ne change d&rsquo;heure.<\/p>\n<details>\n<summary>Que veut dire \u00ab 8 h 00 GMT \u00bb ?<\/summary>\n<p>Huit heures du matin au m\u00e9ridien de Greenwich, sans d\u00e9calage. En France, cela correspond \u00e0 9 h en hiver et 10 h en \u00e9t\u00e9.<\/p>\n<\/details>\n<details>\n<summary>Pourquoi la France est-elle en GMT+1 ?<\/summary>\n<p>H\u00e9ritage de la Seconde Guerre mondiale : l&rsquo;heure allemande impos\u00e9e en 1940 n&rsquo;a jamais \u00e9t\u00e9 abandonn\u00e9e. L&rsquo;Espagne et la Belgique sont dans le m\u00eame cas.<\/p>\n<\/details>\n<details>\n<summary>Pourquoi le Royaume-Uni n&rsquo;a-t-il pas la m\u00eame heure que nous ?<\/summary>\n<p>Parce qu&rsquo;il est rest\u00e9 fid\u00e8le \u00e0 son heure g\u00e9ographique : GMT en hiver, GMT+1 en \u00e9t\u00e9. Il y a donc toujours une heure d&rsquo;\u00e9cart avec la France, \u00e9t\u00e9 comme hiver.<\/p>\n<\/details>\n<details>\n<summary>GMT et UTC, c&rsquo;est pareil ?<\/summary>\n<p>Au quotidien, oui : les deux d\u00e9signent l&rsquo;heure du m\u00e9ridien d&rsquo;origine. La diff\u00e9rence, purement technique, se joue \u00e0 moins d&rsquo;une seconde.<\/p>\n<\/details>\n<h2>\u00c0 lire aussi<\/h2>\n<ul>\n<li><a href=\"https:\/\/greenwichmeridien.fr\/blog\/histoire-et-culture\/heure-et-calendrier\/heure-et-calendrier-questions\/\">L&rsquo;heure et le calendrier en questions : le sommaire complet<\/a><\/li>\n<li><a href=\"https:\/\/greenwichmeridien.fr\/blog\/histoire-et-culture\/heure-et-calendrier\/difference-entre-utc-et-gmt\/\">Quelle est la diff\u00e9rence entre UTC et GMT ?<\/a><\/li>\n<li><a href=\"https:\/\/greenwichmeridien.fr\/blog\/histoire-et-culture\/heure-et-calendrier\/pourquoi-le-midi-solaire-nest-pas-a-midi\/\">Pourquoi le midi solaire n&rsquo;est-il pas \u00e0 midi ?<\/a><\/li>\n<\/ul>\n","protected":false},"excerpt":{"rendered":"","protected":false},"author":34,"featured_media":999999999,"comment_status":"open","ping_status":"open","sticky":false,"template":"","format":"standard","meta":{"_acf_changed":false,"manual_indexmenow":false,"indexmenow_id_project":0,"footnotes":""},"categories":[4824],"tags":[],"class_list":["post-7840","post","type-post","status-publish","format-standard","has-post-thumbnail","hentry","category-heure-et-calendrier","generate-columns","tablet-grid-50","mobile-grid-100","grid-parent","grid-25"],"acf":[],"yoast_head":"<!-- This site is optimized with the Yoast SEO Premium plugin v21.3 (Yoast SEO v25.6) - https:\/\/yoast.com\/wordpress\/plugins\/seo\/ -->\n<title>Heure GMT en France : GMT+1 en hiver, GMT+2 en \u00e9t\u00e9<\/title>\n<meta name=\"description\" content=\"La France m\u00e9tropolitaine vit \u00e0 GMT+1 en hiver et GMT+2 en \u00e9t\u00e9. Pour convertir une heure GMT, ajoutez 1 heure d&#039;octobre \u00e0 mars, et 2 heures de mars \u00e0 octobre.\" \/>\n<meta name=\"robots\" content=\"index, follow, max-snippet:-1, max-image-preview:large, max-video-preview:-1\" \/>\n<link rel=\"canonical\" href=\"https:\/\/greenwichmeridien.fr\/blog\/histoire-et-culture\/heure-et-calendrier\/quelle-est-lheure-gmt-en-france\/\" \/>\n<meta property=\"og:locale\" content=\"fr_FR\" \/>\n<meta property=\"og:type\" content=\"article\" \/>\n<meta property=\"og:title\" content=\"Heure GMT en France : GMT+1 en hiver, GMT+2 en \u00e9t\u00e9\" \/>\n<meta property=\"og:description\" content=\"La France m\u00e9tropolitaine vit \u00e0 GMT+1 en hiver et GMT+2 en \u00e9t\u00e9. Pour convertir une heure GMT, ajoutez 1 heure d&#039;octobre \u00e0 mars, et 2 heures de mars \u00e0 octobre.\" \/>\n<meta property=\"og:url\" content=\"https:\/\/greenwichmeridien.fr\/blog\/histoire-et-culture\/heure-et-calendrier\/quelle-est-lheure-gmt-en-france\/\" \/>\n<meta property=\"og:site_name\" content=\"greenwichmeridien\" \/>\n<meta name=\"author\" content=\"Samuel Chalmin\" \/>\n<meta name=\"twitter:card\" content=\"summary_large_image\" \/>\n<script type=\"application\/ld+json\" class=\"yoast-schema-graph\">{\"@context\":\"https:\/\/schema.org\",\"@graph\":[{\"@type\":\"NewsArticle\",\"@id\":\"https:\/\/greenwichmeridien.fr\/blog\/histoire-et-culture\/heure-et-calendrier\/quelle-est-lheure-gmt-en-france\/#article\",\"isPartOf\":{\"@id\":\"https:\/\/greenwichmeridien.fr\/blog\/histoire-et-culture\/heure-et-calendrier\/quelle-est-lheure-gmt-en-france\/\"},\"author\":{\"name\":\"Samuel Chalmin\",\"@id\":\"https:\/\/greenwichmeridien.fr\/blog\/#\/schema\/person\/3c864cdc320801e3db34b663e7e3f816\"},\"headline\":\"Quelle est l&rsquo;heure GMT en France ?\",\"datePublished\":\"2026-07-16T16:05:51+00:00\",\"mainEntityOfPage\":{\"@id\":\"https:\/\/greenwichmeridien.fr\/blog\/histoire-et-culture\/heure-et-calendrier\/quelle-est-lheure-gmt-en-france\/\"},\"wordCount\":535,\"commentCount\":0,\"publisher\":{\"@id\":\"https:\/\/greenwichmeridien.fr\/blog\/#organization\"},\"image\":{\"@id\":\"https:\/\/greenwichmeridien.fr\/blog\/histoire-et-culture\/heure-et-calendrier\/quelle-est-lheure-gmt-en-france\/#primaryimage\"},\"thumbnailUrl\":\"https:\/\/images.pexels.com\/photos\/30110952\/pexels-photo-30110952.jpeg?auto=compress&cs=tinysrgb&fit=crop&h=627&w=1200\",\"articleSection\":[\"L'heure &amp; le calendrier\"],\"inLanguage\":\"fr-FR\",\"potentialAction\":[{\"@type\":\"CommentAction\",\"name\":\"Comment\",\"target\":[\"https:\/\/greenwichmeridien.fr\/blog\/histoire-et-culture\/heure-et-calendrier\/quelle-est-lheure-gmt-en-france\/#respond\"]}]},{\"@type\":\"WebPage\",\"@id\":\"https:\/\/greenwichmeridien.fr\/blog\/histoire-et-culture\/heure-et-calendrier\/quelle-est-lheure-gmt-en-france\/\",\"url\":\"https:\/\/greenwichmeridien.fr\/blog\/histoire-et-culture\/heure-et-calendrier\/quelle-est-lheure-gmt-en-france\/\",\"name\":\"Heure GMT en France : GMT+1 en hiver, GMT+2 en \u00e9t\u00e9\",\"isPartOf\":{\"@id\":\"https:\/\/greenwichmeridien.fr\/blog\/#website\"},\"primaryImageOfPage\":{\"@id\":\"https:\/\/greenwichmeridien.fr\/blog\/histoire-et-culture\/heure-et-calendrier\/quelle-est-lheure-gmt-en-france\/#primaryimage\"},\"image\":{\"@id\":\"https:\/\/greenwichmeridien.fr\/blog\/histoire-et-culture\/heure-et-calendrier\/quelle-est-lheure-gmt-en-france\/#primaryimage\"},\"thumbnailUrl\":\"https:\/\/images.pexels.com\/photos\/30110952\/pexels-photo-30110952.jpeg?auto=compress&cs=tinysrgb&fit=crop&h=627&w=1200\",\"datePublished\":\"2026-07-16T16:05:51+00:00\",\"description\":\"La France m\u00e9tropolitaine vit \u00e0 GMT+1 en hiver et GMT+2 en \u00e9t\u00e9. Pour convertir une heure GMT, ajoutez 1 heure d'octobre \u00e0 mars, et 2 heures de mars \u00e0 octobre.\",\"inLanguage\":\"fr-FR\",\"potentialAction\":[{\"@type\":\"ReadAction\",\"target\":[\"https:\/\/greenwichmeridien.fr\/blog\/histoire-et-culture\/heure-et-calendrier\/quelle-est-lheure-gmt-en-france\/\"]}]},{\"@type\":\"ImageObject\",\"inLanguage\":\"fr-FR\",\"@id\":\"https:\/\/greenwichmeridien.fr\/blog\/histoire-et-culture\/heure-et-calendrier\/quelle-est-lheure-gmt-en-france\/#primaryimage\",\"url\":\"https:\/\/images.pexels.com\/photos\/30110952\/pexels-photo-30110952.jpeg?auto=compress&cs=tinysrgb&fit=crop&h=627&w=1200\",\"contentUrl\":\"https:\/\/images.pexels.com\/photos\/30110952\/pexels-photo-30110952.jpeg?auto=compress&cs=tinysrgb&fit=crop&h=627&w=1200\"},{\"@type\":\"WebSite\",\"@id\":\"https:\/\/greenwichmeridien.fr\/blog\/#website\",\"url\":\"https:\/\/greenwichmeridien.fr\/blog\/\",\"name\":\"Greenwich M\u00e9ridien\",\"description\":\"Greenwich M\u00e9ridien, le rep\u00e8re du temps et du voyage\",\"publisher\":{\"@id\":\"https:\/\/greenwichmeridien.fr\/blog\/#organization\"},\"alternateName\":\"Greenwich M\u00e9ridien, le rep\u00e8re du temps et du voyage\",\"potentialAction\":[{\"@type\":\"SearchAction\",\"target\":{\"@type\":\"EntryPoint\",\"urlTemplate\":\"https:\/\/greenwichmeridien.fr\/blog\/?s={search_term_string}\"},\"query-input\":{\"@type\":\"PropertyValueSpecification\",\"valueRequired\":true,\"valueName\":\"search_term_string\"}}],\"inLanguage\":\"fr-FR\"},{\"@type\":\"Organization\",\"@id\":\"https:\/\/greenwichmeridien.fr\/blog\/#organization\",\"name\":\"Greenwich M\u00e9ridien\",\"alternateName\":\"Greenwich M\u00e9ridien\",\"url\":\"https:\/\/greenwichmeridien.fr\/blog\/\",\"logo\":{\"@type\":\"ImageObject\",\"inLanguage\":\"fr-FR\",\"@id\":\"https:\/\/greenwichmeridien.fr\/blog\/#\/schema\/logo\/image\/\",\"url\":\"https:\/\/greenwichmeridien.fr\/blog\/wp-content\/uploads\/2024\/12\/greenwichmeridien.png\",\"contentUrl\":\"https:\/\/greenwichmeridien.fr\/blog\/wp-content\/uploads\/2024\/12\/greenwichmeridien.png\",\"width\":500,\"height\":500,\"caption\":\"Greenwich M\u00e9ridien\"},\"image\":{\"@id\":\"https:\/\/greenwichmeridien.fr\/blog\/#\/schema\/logo\/image\/\"}},{\"@type\":\"Person\",\"@id\":\"https:\/\/greenwichmeridien.fr\/blog\/#\/schema\/person\/3c864cdc320801e3db34b663e7e3f816\",\"name\":\"Samuel Chalmin\",\"image\":{\"@type\":\"ImageObject\",\"inLanguage\":\"fr-FR\",\"@id\":\"https:\/\/greenwichmeridien.fr\/blog\/#\/schema\/person\/image\/\",\"url\":\"https:\/\/secure.gravatar.com\/avatar\/cef3677de7d237273d13053728f9470818581a8a27d9bf6f5039fd18508a905f?s=96&d=mm&r=g\",\"contentUrl\":\"https:\/\/secure.gravatar.com\/avatar\/cef3677de7d237273d13053728f9470818581a8a27d9bf6f5039fd18508a905f?s=96&d=mm&r=g\",\"caption\":\"Samuel Chalmin\"},\"description\":\"R\u00e9dacteur du site, il suit les questions de temps et de calendrier : m\u00e9ridien de Greenwich, heure GMT et UTC, fuseaux horaires, changement d'heure, ann\u00e9es bissextiles et jours f\u00e9ri\u00e9s.\",\"sameAs\":[\"https:\/\/samuelchalmin.fr\/\"],\"url\":\"https:\/\/greenwichmeridien.fr\/blog\/auteur\/noname\/\"}]}<\/script>\n<!-- \/ Yoast SEO Premium plugin. -->","yoast_head_json":{"title":"Heure GMT en France : GMT+1 en hiver, GMT+2 en \u00e9t\u00e9","description":"La France m\u00e9tropolitaine vit \u00e0 GMT+1 en hiver et GMT+2 en \u00e9t\u00e9. Pour convertir une heure GMT, ajoutez 1 heure d'octobre \u00e0 mars, et 2 heures de mars \u00e0 octobre.","robots":{"index":"index","follow":"follow","max-snippet":"max-snippet:-1","max-image-preview":"max-image-preview:large","max-video-preview":"max-video-preview:-1"},"canonical":"https:\/\/greenwichmeridien.fr\/blog\/histoire-et-culture\/heure-et-calendrier\/quelle-est-lheure-gmt-en-france\/","og_locale":"fr_FR","og_type":"article","og_title":"Heure GMT en France : GMT+1 en hiver, GMT+2 en \u00e9t\u00e9","og_description":"La France m\u00e9tropolitaine vit \u00e0 GMT+1 en hiver et GMT+2 en \u00e9t\u00e9. Pour convertir une heure GMT, ajoutez 1 heure d'octobre \u00e0 mars, et 2 heures de mars \u00e0 octobre.","og_url":"https:\/\/greenwichmeridien.fr\/blog\/histoire-et-culture\/heure-et-calendrier\/quelle-est-lheure-gmt-en-france\/","og_site_name":"greenwichmeridien","author":"Samuel Chalmin","twitter_card":"summary_large_image","schema":{"@context":"https:\/\/schema.org","@graph":[{"@type":"NewsArticle","@id":"https:\/\/greenwichmeridien.fr\/blog\/histoire-et-culture\/heure-et-calendrier\/quelle-est-lheure-gmt-en-france\/#article","isPartOf":{"@id":"https:\/\/greenwichmeridien.fr\/blog\/histoire-et-culture\/heure-et-calendrier\/quelle-est-lheure-gmt-en-france\/"},"author":{"name":"Samuel Chalmin","@id":"https:\/\/greenwichmeridien.fr\/blog\/#\/schema\/person\/3c864cdc320801e3db34b663e7e3f816"},"headline":"Quelle est l&rsquo;heure GMT en France ?","datePublished":"2026-07-16T16:05:51+00:00","mainEntityOfPage":{"@id":"https:\/\/greenwichmeridien.fr\/blog\/histoire-et-culture\/heure-et-calendrier\/quelle-est-lheure-gmt-en-france\/"},"wordCount":535,"commentCount":0,"publisher":{"@id":"https:\/\/greenwichmeridien.fr\/blog\/#organization"},"image":{"@id":"https:\/\/greenwichmeridien.fr\/blog\/histoire-et-culture\/heure-et-calendrier\/quelle-est-lheure-gmt-en-france\/#primaryimage"},"thumbnailUrl":"https:\/\/images.pexels.com\/photos\/30110952\/pexels-photo-30110952.jpeg?auto=compress&cs=tinysrgb&fit=crop&h=627&w=1200","articleSection":["L'heure &amp; le calendrier"],"inLanguage":"fr-FR","potentialAction":[{"@type":"CommentAction","name":"Comment","target":["https:\/\/greenwichmeridien.fr\/blog\/histoire-et-culture\/heure-et-calendrier\/quelle-est-lheure-gmt-en-france\/#respond"]}]},{"@type":"WebPage","@id":"https:\/\/greenwichmeridien.fr\/blog\/histoire-et-culture\/heure-et-calendrier\/quelle-est-lheure-gmt-en-france\/","url":"https:\/\/greenwichmeridien.fr\/blog\/histoire-et-culture\/heure-et-calendrier\/quelle-est-lheure-gmt-en-france\/","name":"Heure GMT en France : GMT+1 en hiver, GMT+2 en \u00e9t\u00e9","isPartOf":{"@id":"https:\/\/greenwichmeridien.fr\/blog\/#website"},"primaryImageOfPage":{"@id":"https:\/\/greenwichmeridien.fr\/blog\/histoire-et-culture\/heure-et-calendrier\/quelle-est-lheure-gmt-en-france\/#primaryimage"},"image":{"@id":"https:\/\/greenwichmeridien.fr\/blog\/histoire-et-culture\/heure-et-calendrier\/quelle-est-lheure-gmt-en-france\/#primaryimage"},"thumbnailUrl":"https:\/\/images.pexels.com\/photos\/30110952\/pexels-photo-30110952.jpeg?auto=compress&cs=tinysrgb&fit=crop&h=627&w=1200","datePublished":"2026-07-16T16:05:51+00:00","description":"La France m\u00e9tropolitaine vit \u00e0 GMT+1 en hiver et GMT+2 en \u00e9t\u00e9. Pour convertir une heure GMT, ajoutez 1 heure d'octobre \u00e0 mars, et 2 heures de mars \u00e0 octobre.","inLanguage":"fr-FR","potentialAction":[{"@type":"ReadAction","target":["https:\/\/greenwichmeridien.fr\/blog\/histoire-et-culture\/heure-et-calendrier\/quelle-est-lheure-gmt-en-france\/"]}]},{"@type":"ImageObject","inLanguage":"fr-FR","@id":"https:\/\/greenwichmeridien.fr\/blog\/histoire-et-culture\/heure-et-calendrier\/quelle-est-lheure-gmt-en-france\/#primaryimage","url":"https:\/\/images.pexels.com\/photos\/30110952\/pexels-photo-30110952.jpeg?auto=compress&cs=tinysrgb&fit=crop&h=627&w=1200","contentUrl":"https:\/\/images.pexels.com\/photos\/30110952\/pexels-photo-30110952.jpeg?auto=compress&cs=tinysrgb&fit=crop&h=627&w=1200"},{"@type":"WebSite","@id":"https:\/\/greenwichmeridien.fr\/blog\/#website","url":"https:\/\/greenwichmeridien.fr\/blog\/","name":"Greenwich M\u00e9ridien","description":"Greenwich M\u00e9ridien, le rep\u00e8re du temps et du voyage","publisher":{"@id":"https:\/\/greenwichmeridien.fr\/blog\/#organization"},"alternateName":"Greenwich M\u00e9ridien, le rep\u00e8re du temps et du voyage","potentialAction":[{"@type":"SearchAction","target":{"@type":"EntryPoint","urlTemplate":"https:\/\/greenwichmeridien.fr\/blog\/?s={search_term_string}"},"query-input":{"@type":"PropertyValueSpecification","valueRequired":true,"valueName":"search_term_string"}}],"inLanguage":"fr-FR"},{"@type":"Organization","@id":"https:\/\/greenwichmeridien.fr\/blog\/#organization","name":"Greenwich M\u00e9ridien","alternateName":"Greenwich M\u00e9ridien","url":"https:\/\/greenwichmeridien.fr\/blog\/","logo":{"@type":"ImageObject","inLanguage":"fr-FR","@id":"https:\/\/greenwichmeridien.fr\/blog\/#\/schema\/logo\/image\/","url":"https:\/\/greenwichmeridien.fr\/blog\/wp-content\/uploads\/2024\/12\/greenwichmeridien.png","contentUrl":"https:\/\/greenwichmeridien.fr\/blog\/wp-content\/uploads\/2024\/12\/greenwichmeridien.png","width":500,"height":500,"caption":"Greenwich M\u00e9ridien"},"image":{"@id":"https:\/\/greenwichmeridien.fr\/blog\/#\/schema\/logo\/image\/"}},{"@type":"Person","@id":"https:\/\/greenwichmeridien.fr\/blog\/#\/schema\/person\/3c864cdc320801e3db34b663e7e3f816","name":"Samuel Chalmin","image":{"@type":"ImageObject","inLanguage":"fr-FR","@id":"https:\/\/greenwichmeridien.fr\/blog\/#\/schema\/person\/image\/","url":"https:\/\/secure.gravatar.com\/avatar\/cef3677de7d237273d13053728f9470818581a8a27d9bf6f5039fd18508a905f?s=96&d=mm&r=g","contentUrl":"https:\/\/secure.gravatar.com\/avatar\/cef3677de7d237273d13053728f9470818581a8a27d9bf6f5039fd18508a905f?s=96&d=mm&r=g","caption":"Samuel Chalmin"},"description":"R\u00e9dacteur du site, il suit les questions de temps et de calendrier : m\u00e9ridien de Greenwich, heure GMT et UTC, fuseaux horaires, changement d'heure, ann\u00e9es bissextiles et jours f\u00e9ri\u00e9s.","sameAs":["https:\/\/samuelchalmin.fr\/"],"url":"https:\/\/greenwichmeridien.fr\/blog\/auteur\/noname\/"}]}},"_links":{"self":[{"href":"https:\/\/greenwichmeridien.fr\/blog\/wp-json\/wp\/v2\/posts\/7840","targetHints":{"allow":["GET"]}}],"collection":[{"href":"https:\/\/greenwichmeridien.fr\/blog\/wp-json\/wp\/v2\/posts"}],"about":[{"href":"https:\/\/greenwichmeridien.fr\/blog\/wp-json\/wp\/v2\/types\/post"}],"author":[{"embeddable":true,"href":"https:\/\/greenwichmeridien.fr\/blog\/wp-json\/wp\/v2\/users\/34"}],"replies":[{"embeddable":true,"href":"https:\/\/greenwichmeridien.fr\/blog\/wp-json\/wp\/v2\/comments?post=7840"}],"version-history":[{"count":0,"href":"https:\/\/greenwichmeridien.fr\/blog\/wp-json\/wp\/v2\/posts\/7840\/revisions"}],"wp:attachment":[{"href":"https:\/\/greenwichmeridien.fr\/blog\/wp-json\/wp\/v2\/media?parent=7840"}],"wp:term":[{"taxonomy":"category","embeddable":true,"href":"https:\/\/greenwichmeridien.fr\/blog\/wp-json\/wp\/v2\/categories?post=7840"},{"taxonomy":"post_tag","embeddable":true,"href":"https:\/\/greenwichmeridien.fr\/blog\/wp-json\/wp\/v2\/tags?post=7840"}],"curies":[{"name":"wp","href":"https:\/\/api.w.org\/{rel}","templated":true}]}}