{"id":7841,"date":"2026-07-16T18:05:55","date_gmt":"2026-07-16T16:05:55","guid":{"rendered":"https:\/\/greenwichmeridien.fr\/blog\/histoire-et-culture\/heure-et-calendrier\/annee-bissextile-quand-est-la-prochaine\/"},"modified":"2026-07-16T18:05:55","modified_gmt":"2026-07-16T16:05:55","slug":"annee-bissextile-quand-est-la-prochaine","status":"publish","type":"post","link":"https:\/\/greenwichmeridien.fr\/blog\/histoire-et-culture\/heure-et-calendrier\/annee-bissextile-quand-est-la-prochaine\/","title":{"rendered":"Ann\u00e9e bissextile : c&rsquo;est quoi, et quand est la prochaine ?"},"content":{"rendered":"<p><strong>La prochaine ann\u00e9e bissextile est 2028. Une ann\u00e9e bissextile compte 366 jours au lieu de 365, gr\u00e2ce \u00e0 un 29 f\u00e9vrier ajout\u00e9 tous les 4 ans \u2014 avec une exception : les ann\u00e9es de si\u00e8cle (1900, 2100\u2026) ne sont bissextiles que si elles sont divisibles par 400.<\/strong><\/p>\n<p>La derni\u00e8re \u00e9tait 2024 ; suivront 2028, 2032, 2036 et 2040. La r\u00e8gle tient en trois lignes et permet de v\u00e9rifier n&rsquo;importe quelle ann\u00e9e de t\u00eate.<\/p>\n<h2>La r\u00e8gle des 4, 100 et 400 ans<\/h2>\n<table>\n<thead>\n<tr>\n<th>R\u00e8gle<\/th>\n<th>Exemple bissextile<\/th>\n<th>Exemple non bissextile<\/th>\n<\/tr>\n<\/thead>\n<tbody>\n<tr>\n<td>Ann\u00e9e divisible par 4 \u2192 bissextile<\/td>\n<td>2024, 2028<\/td>\n<td>2026, 2027<\/td>\n<\/tr>\n<tr>\n<td>\u2026 sauf si divisible par 100 \u2192 non bissextile<\/td>\n<td>\u2014<\/td>\n<td>1900, 2100, 2200<\/td>\n<\/tr>\n<tr>\n<td>\u2026 sauf si divisible par 400 \u2192 bissextile quand m\u00eame<\/td>\n<td>1600, 2000, 2400<\/td>\n<td>\u2014<\/td>\n<\/tr>\n<\/tbody>\n<\/table>\n<p>C&rsquo;est pour cela que l&rsquo;an 2000 a bien eu son 29 f\u00e9vrier, mais que 2100 n&rsquo;en aura pas \u2014 un pi\u00e8ge que nos arri\u00e8re-petits-enfants d\u00e9couvriront.<\/p>\n<h2>Pourquoi a-t-on besoin d&rsquo;ann\u00e9es bissextiles ?<\/h2>\n<p>Parce que la Terre ne met pas 365 jours pile \u00e0 faire le tour du Soleil, mais environ <strong>365,2422 jours<\/strong> \u2014 soit 365 jours, 5 heures, 48 minutes et 45 secondes. Sans correction, le calendrier prendrait presque 6 heures de retard par an sur les saisons : au bout d&rsquo;un si\u00e8cle, l&rsquo;\u00e9cart atteindrait 24 jours, et No\u00ebl finirait par tomber en automne.<\/p>\n<p>Jules C\u00e9sar introduit la premi\u00e8re correction en 46 av. J.-C. : le calendrier julien ajoute un jour tous les 4 ans. C&rsquo;est d\u00e9j\u00e0 bien, mais un peu trop g\u00e9n\u00e9reux (l&rsquo;ann\u00e9e julienne moyenne fait 365,25 jours, contre 365,2422 en r\u00e9alit\u00e9). Au fil des si\u00e8cles, le calendrier d\u00e9rive : en 1582, le d\u00e9calage sur les saisons atteint 10 jours. Le pape Gr\u00e9goire XIII tranche alors dans le vif : on saute directement du 4 au 15 octobre 1582, et on affine la r\u00e8gle avec l&rsquo;exception des si\u00e8cles. C&rsquo;est le calendrier gr\u00e9gorien, toujours en vigueur, pr\u00e9cis \u00e0 environ un jour pr\u00e8s\u2026 tous les 3 000 ans.<\/p>\n<h2>D&rsquo;o\u00f9 vient le mot \u00ab bissextile \u00bb ?<\/h2>\n<p>Du latin <em>bis sextus<\/em>, \u00ab deux fois sixi\u00e8me \u00bb. Chez les Romains, le jour ajout\u00e9 n&rsquo;\u00e9tait pas un 29 f\u00e9vrier : on doublait le sixi\u00e8me jour avant les calendes de mars. Un jour compt\u00e9 deux fois, d&rsquo;o\u00f9 le nom, rest\u00e9 dans la langue alors que la m\u00e9thode a disparu.<\/p>\n<details>\n<summary>Comment savoir si une ann\u00e9e est bissextile ?<\/summary>\n<p>Divisez-la par 4 : si le r\u00e9sultat est entier, elle est bissextile \u2014 sauf si l&rsquo;ann\u00e9e se termine par 00, auquel cas elle doit \u00eatre divisible par 400. Ainsi 2028 \u00f7 4 = 507 : bissextile.<\/p>\n<\/details>\n<details>\n<summary>Pourquoi f\u00e9vrier n&rsquo;a-t-il que 28 jours ?<\/summary>\n<p>H\u00e9ritage du calendrier romain du roi Numa : les mois y comptaient 29 ou 31 jours (les nombres pairs portaient malheur), et f\u00e9vrier, dernier mois de l&rsquo;ann\u00e9e et mois des purifications, r\u00e9cup\u00e9rait le reste : 28 jours. Les r\u00e9formes suivantes n&rsquo;y ont jamais touch\u00e9.<\/p>\n<\/details>\n<details>\n<summary>Que se passe-t-il quand on est n\u00e9 un 29 f\u00e9vrier ?<\/summary>\n<p>On ne f\u00eate son \u00ab vrai \u00bb anniversaire que tous les 4 ans (environ une naissance sur 1 461). Les ann\u00e9es normales, l&rsquo;usage \u2014 et la plupart des administrations \u2014 retiennent le 28 f\u00e9vrier ou le 1er mars.<\/p>\n<\/details>\n<details>\n<summary>Combien de jours compte une ann\u00e9e bissextile ?<\/summary>\n<p>366 jours, contre 365 pour une ann\u00e9e commune. Le jour suppl\u00e9mentaire est le 29 f\u00e9vrier.<\/p>\n<\/details>\n<h2>\u00c0 lire aussi<\/h2>\n<ul>\n<li><a href=\"https:\/\/greenwichmeridien.fr\/blog\/histoire-et-culture\/heure-et-calendrier\/heure-et-calendrier-questions\/\">L&rsquo;heure et le calendrier en questions : le sommaire complet<\/a><\/li>\n<li><a href=\"https:\/\/greenwichmeridien.fr\/blog\/histoire-et-culture\/heure-et-calendrier\/numero-de-semaine-quelle-est-la-semaine-1\/\">Num\u00e9ro de semaine : quelle est la semaine 1 de l&rsquo;ann\u00e9e ?<\/a><\/li>\n<li><a href=\"https:\/\/greenwichmeridien.fr\/blog\/histoire-et-culture\/heure-et-calendrier\/solstice-et-equinoxe-quelle-difference\/\">Solstice et \u00e9quinoxe : quelle diff\u00e9rence, et \u00e0 quelles dates ?<\/a><\/li>\n<\/ul>\n","protected":false},"excerpt":{"rendered":"","protected":false},"author":34,"featured_media":999999999,"comment_status":"open","ping_status":"open","sticky":false,"template":"","format":"standard","meta":{"_acf_changed":false,"manual_indexmenow":false,"indexmenow_id_project":0,"footnotes":""},"categories":[4824],"tags":[],"class_list":["post-7841","post","type-post","status-publish","format-standard","has-post-thumbnail","hentry","category-heure-et-calendrier","generate-columns","tablet-grid-50","mobile-grid-100","grid-parent","grid-25"],"acf":[],"yoast_head":"<!-- This site is optimized with the Yoast SEO Premium plugin v21.3 (Yoast SEO v25.6) - https:\/\/yoast.com\/wordpress\/plugins\/seo\/ -->\n<title>Ann\u00e9e bissextile : la prochaine est 2028, pas 2027<\/title>\n<meta name=\"description\" content=\"2027 n&#039;est pas bissextile : elle compte 365 jours, sans 29 f\u00e9vrier. La prochaine ann\u00e9e bissextile est 2028, puis 2032. La r\u00e8gle des 4, 100 et 400 ans expliqu\u00e9e.\" \/>\n<meta name=\"robots\" content=\"index, follow, max-snippet:-1, max-image-preview:large, max-video-preview:-1\" \/>\n<link rel=\"canonical\" href=\"https:\/\/greenwichmeridien.fr\/blog\/histoire-et-culture\/heure-et-calendrier\/annee-bissextile-quand-est-la-prochaine\/\" \/>\n<meta property=\"og:locale\" content=\"fr_FR\" \/>\n<meta property=\"og:type\" content=\"article\" \/>\n<meta property=\"og:title\" content=\"Ann\u00e9e bissextile : la prochaine est 2028, pas 2027\" \/>\n<meta property=\"og:description\" content=\"2027 n&#039;est pas bissextile : elle compte 365 jours, sans 29 f\u00e9vrier. La prochaine ann\u00e9e bissextile est 2028, puis 2032. La r\u00e8gle des 4, 100 et 400 ans expliqu\u00e9e.\" \/>\n<meta property=\"og:url\" content=\"https:\/\/greenwichmeridien.fr\/blog\/histoire-et-culture\/heure-et-calendrier\/annee-bissextile-quand-est-la-prochaine\/\" \/>\n<meta property=\"og:site_name\" content=\"greenwichmeridien\" \/>\n<meta name=\"author\" content=\"Samuel Chalmin\" \/>\n<meta name=\"twitter:card\" content=\"summary_large_image\" \/>\n<script type=\"application\/ld+json\" class=\"yoast-schema-graph\">{\"@context\":\"https:\/\/schema.org\",\"@graph\":[{\"@type\":\"NewsArticle\",\"@id\":\"https:\/\/greenwichmeridien.fr\/blog\/histoire-et-culture\/heure-et-calendrier\/annee-bissextile-quand-est-la-prochaine\/#article\",\"isPartOf\":{\"@id\":\"https:\/\/greenwichmeridien.fr\/blog\/histoire-et-culture\/heure-et-calendrier\/annee-bissextile-quand-est-la-prochaine\/\"},\"author\":{\"name\":\"Samuel Chalmin\",\"@id\":\"https:\/\/greenwichmeridien.fr\/blog\/#\/schema\/person\/3c864cdc320801e3db34b663e7e3f816\"},\"headline\":\"Ann\u00e9e bissextile : c&rsquo;est quoi, et quand est la prochaine ?\",\"datePublished\":\"2026-07-16T16:05:55+00:00\",\"mainEntityOfPage\":{\"@id\":\"https:\/\/greenwichmeridien.fr\/blog\/histoire-et-culture\/heure-et-calendrier\/annee-bissextile-quand-est-la-prochaine\/\"},\"wordCount\":557,\"commentCount\":0,\"publisher\":{\"@id\":\"https:\/\/greenwichmeridien.fr\/blog\/#organization\"},\"image\":{\"@id\":\"https:\/\/greenwichmeridien.fr\/blog\/histoire-et-culture\/heure-et-calendrier\/annee-bissextile-quand-est-la-prochaine\/#primaryimage\"},\"thumbnailUrl\":\"https:\/\/images.pexels.com\/photos\/5982391\/pexels-photo-5982391.jpeg?auto=compress&cs=tinysrgb&fit=crop&h=627&w=1200\",\"articleSection\":[\"L'heure &amp; le calendrier\"],\"inLanguage\":\"fr-FR\",\"potentialAction\":[{\"@type\":\"CommentAction\",\"name\":\"Comment\",\"target\":[\"https:\/\/greenwichmeridien.fr\/blog\/histoire-et-culture\/heure-et-calendrier\/annee-bissextile-quand-est-la-prochaine\/#respond\"]}]},{\"@type\":\"WebPage\",\"@id\":\"https:\/\/greenwichmeridien.fr\/blog\/histoire-et-culture\/heure-et-calendrier\/annee-bissextile-quand-est-la-prochaine\/\",\"url\":\"https:\/\/greenwichmeridien.fr\/blog\/histoire-et-culture\/heure-et-calendrier\/annee-bissextile-quand-est-la-prochaine\/\",\"name\":\"Ann\u00e9e bissextile : la prochaine est 2028, pas 2027\",\"isPartOf\":{\"@id\":\"https:\/\/greenwichmeridien.fr\/blog\/#website\"},\"primaryImageOfPage\":{\"@id\":\"https:\/\/greenwichmeridien.fr\/blog\/histoire-et-culture\/heure-et-calendrier\/annee-bissextile-quand-est-la-prochaine\/#primaryimage\"},\"image\":{\"@id\":\"https:\/\/greenwichmeridien.fr\/blog\/histoire-et-culture\/heure-et-calendrier\/annee-bissextile-quand-est-la-prochaine\/#primaryimage\"},\"thumbnailUrl\":\"https:\/\/images.pexels.com\/photos\/5982391\/pexels-photo-5982391.jpeg?auto=compress&cs=tinysrgb&fit=crop&h=627&w=1200\",\"datePublished\":\"2026-07-16T16:05:55+00:00\",\"description\":\"2027 n'est pas bissextile : elle compte 365 jours, sans 29 f\u00e9vrier. La prochaine ann\u00e9e bissextile est 2028, puis 2032. La r\u00e8gle des 4, 100 et 400 ans expliqu\u00e9e.\",\"inLanguage\":\"fr-FR\",\"potentialAction\":[{\"@type\":\"ReadAction\",\"target\":[\"https:\/\/greenwichmeridien.fr\/blog\/histoire-et-culture\/heure-et-calendrier\/annee-bissextile-quand-est-la-prochaine\/\"]}]},{\"@type\":\"ImageObject\",\"inLanguage\":\"fr-FR\",\"@id\":\"https:\/\/greenwichmeridien.fr\/blog\/histoire-et-culture\/heure-et-calendrier\/annee-bissextile-quand-est-la-prochaine\/#primaryimage\",\"url\":\"https:\/\/images.pexels.com\/photos\/5982391\/pexels-photo-5982391.jpeg?auto=compress&cs=tinysrgb&fit=crop&h=627&w=1200\",\"contentUrl\":\"https:\/\/images.pexels.com\/photos\/5982391\/pexels-photo-5982391.jpeg?auto=compress&cs=tinysrgb&fit=crop&h=627&w=1200\"},{\"@type\":\"WebSite\",\"@id\":\"https:\/\/greenwichmeridien.fr\/blog\/#website\",\"url\":\"https:\/\/greenwichmeridien.fr\/blog\/\",\"name\":\"Greenwich M\u00e9ridien\",\"description\":\"Greenwich M\u00e9ridien, le rep\u00e8re du temps et du voyage\",\"publisher\":{\"@id\":\"https:\/\/greenwichmeridien.fr\/blog\/#organization\"},\"alternateName\":\"Greenwich M\u00e9ridien, le rep\u00e8re du temps et du voyage\",\"potentialAction\":[{\"@type\":\"SearchAction\",\"target\":{\"@type\":\"EntryPoint\",\"urlTemplate\":\"https:\/\/greenwichmeridien.fr\/blog\/?s={search_term_string}\"},\"query-input\":{\"@type\":\"PropertyValueSpecification\",\"valueRequired\":true,\"valueName\":\"search_term_string\"}}],\"inLanguage\":\"fr-FR\"},{\"@type\":\"Organization\",\"@id\":\"https:\/\/greenwichmeridien.fr\/blog\/#organization\",\"name\":\"Greenwich M\u00e9ridien\",\"alternateName\":\"Greenwich M\u00e9ridien\",\"url\":\"https:\/\/greenwichmeridien.fr\/blog\/\",\"logo\":{\"@type\":\"ImageObject\",\"inLanguage\":\"fr-FR\",\"@id\":\"https:\/\/greenwichmeridien.fr\/blog\/#\/schema\/logo\/image\/\",\"url\":\"https:\/\/greenwichmeridien.fr\/blog\/wp-content\/uploads\/2024\/12\/greenwichmeridien.png\",\"contentUrl\":\"https:\/\/greenwichmeridien.fr\/blog\/wp-content\/uploads\/2024\/12\/greenwichmeridien.png\",\"width\":500,\"height\":500,\"caption\":\"Greenwich M\u00e9ridien\"},\"image\":{\"@id\":\"https:\/\/greenwichmeridien.fr\/blog\/#\/schema\/logo\/image\/\"}},{\"@type\":\"Person\",\"@id\":\"https:\/\/greenwichmeridien.fr\/blog\/#\/schema\/person\/3c864cdc320801e3db34b663e7e3f816\",\"name\":\"Samuel Chalmin\",\"image\":{\"@type\":\"ImageObject\",\"inLanguage\":\"fr-FR\",\"@id\":\"https:\/\/greenwichmeridien.fr\/blog\/#\/schema\/person\/image\/\",\"url\":\"https:\/\/secure.gravatar.com\/avatar\/cef3677de7d237273d13053728f9470818581a8a27d9bf6f5039fd18508a905f?s=96&d=mm&r=g\",\"contentUrl\":\"https:\/\/secure.gravatar.com\/avatar\/cef3677de7d237273d13053728f9470818581a8a27d9bf6f5039fd18508a905f?s=96&d=mm&r=g\",\"caption\":\"Samuel Chalmin\"},\"description\":\"R\u00e9dacteur du site, il suit les questions de temps et de calendrier : m\u00e9ridien de Greenwich, heure GMT et UTC, fuseaux horaires, changement d'heure, ann\u00e9es bissextiles et jours f\u00e9ri\u00e9s.\",\"sameAs\":[\"https:\/\/samuelchalmin.fr\/\"],\"url\":\"https:\/\/greenwichmeridien.fr\/blog\/auteur\/noname\/\"}]}<\/script>\n<!-- \/ Yoast SEO Premium plugin. -->","yoast_head_json":{"title":"Ann\u00e9e bissextile : la prochaine est 2028, pas 2027","description":"2027 n'est pas bissextile : elle compte 365 jours, sans 29 f\u00e9vrier. La prochaine ann\u00e9e bissextile est 2028, puis 2032. La r\u00e8gle des 4, 100 et 400 ans expliqu\u00e9e.","robots":{"index":"index","follow":"follow","max-snippet":"max-snippet:-1","max-image-preview":"max-image-preview:large","max-video-preview":"max-video-preview:-1"},"canonical":"https:\/\/greenwichmeridien.fr\/blog\/histoire-et-culture\/heure-et-calendrier\/annee-bissextile-quand-est-la-prochaine\/","og_locale":"fr_FR","og_type":"article","og_title":"Ann\u00e9e bissextile : la prochaine est 2028, pas 2027","og_description":"2027 n'est pas bissextile : elle compte 365 jours, sans 29 f\u00e9vrier. La prochaine ann\u00e9e bissextile est 2028, puis 2032. La r\u00e8gle des 4, 100 et 400 ans expliqu\u00e9e.","og_url":"https:\/\/greenwichmeridien.fr\/blog\/histoire-et-culture\/heure-et-calendrier\/annee-bissextile-quand-est-la-prochaine\/","og_site_name":"greenwichmeridien","author":"Samuel Chalmin","twitter_card":"summary_large_image","schema":{"@context":"https:\/\/schema.org","@graph":[{"@type":"NewsArticle","@id":"https:\/\/greenwichmeridien.fr\/blog\/histoire-et-culture\/heure-et-calendrier\/annee-bissextile-quand-est-la-prochaine\/#article","isPartOf":{"@id":"https:\/\/greenwichmeridien.fr\/blog\/histoire-et-culture\/heure-et-calendrier\/annee-bissextile-quand-est-la-prochaine\/"},"author":{"name":"Samuel Chalmin","@id":"https:\/\/greenwichmeridien.fr\/blog\/#\/schema\/person\/3c864cdc320801e3db34b663e7e3f816"},"headline":"Ann\u00e9e bissextile : c&rsquo;est quoi, et quand est la prochaine ?","datePublished":"2026-07-16T16:05:55+00:00","mainEntityOfPage":{"@id":"https:\/\/greenwichmeridien.fr\/blog\/histoire-et-culture\/heure-et-calendrier\/annee-bissextile-quand-est-la-prochaine\/"},"wordCount":557,"commentCount":0,"publisher":{"@id":"https:\/\/greenwichmeridien.fr\/blog\/#organization"},"image":{"@id":"https:\/\/greenwichmeridien.fr\/blog\/histoire-et-culture\/heure-et-calendrier\/annee-bissextile-quand-est-la-prochaine\/#primaryimage"},"thumbnailUrl":"https:\/\/images.pexels.com\/photos\/5982391\/pexels-photo-5982391.jpeg?auto=compress&cs=tinysrgb&fit=crop&h=627&w=1200","articleSection":["L'heure &amp; le calendrier"],"inLanguage":"fr-FR","potentialAction":[{"@type":"CommentAction","name":"Comment","target":["https:\/\/greenwichmeridien.fr\/blog\/histoire-et-culture\/heure-et-calendrier\/annee-bissextile-quand-est-la-prochaine\/#respond"]}]},{"@type":"WebPage","@id":"https:\/\/greenwichmeridien.fr\/blog\/histoire-et-culture\/heure-et-calendrier\/annee-bissextile-quand-est-la-prochaine\/","url":"https:\/\/greenwichmeridien.fr\/blog\/histoire-et-culture\/heure-et-calendrier\/annee-bissextile-quand-est-la-prochaine\/","name":"Ann\u00e9e bissextile : la prochaine est 2028, pas 2027","isPartOf":{"@id":"https:\/\/greenwichmeridien.fr\/blog\/#website"},"primaryImageOfPage":{"@id":"https:\/\/greenwichmeridien.fr\/blog\/histoire-et-culture\/heure-et-calendrier\/annee-bissextile-quand-est-la-prochaine\/#primaryimage"},"image":{"@id":"https:\/\/greenwichmeridien.fr\/blog\/histoire-et-culture\/heure-et-calendrier\/annee-bissextile-quand-est-la-prochaine\/#primaryimage"},"thumbnailUrl":"https:\/\/images.pexels.com\/photos\/5982391\/pexels-photo-5982391.jpeg?auto=compress&cs=tinysrgb&fit=crop&h=627&w=1200","datePublished":"2026-07-16T16:05:55+00:00","description":"2027 n'est pas bissextile : elle compte 365 jours, sans 29 f\u00e9vrier. La prochaine ann\u00e9e bissextile est 2028, puis 2032. La r\u00e8gle des 4, 100 et 400 ans expliqu\u00e9e.","inLanguage":"fr-FR","potentialAction":[{"@type":"ReadAction","target":["https:\/\/greenwichmeridien.fr\/blog\/histoire-et-culture\/heure-et-calendrier\/annee-bissextile-quand-est-la-prochaine\/"]}]},{"@type":"ImageObject","inLanguage":"fr-FR","@id":"https:\/\/greenwichmeridien.fr\/blog\/histoire-et-culture\/heure-et-calendrier\/annee-bissextile-quand-est-la-prochaine\/#primaryimage","url":"https:\/\/images.pexels.com\/photos\/5982391\/pexels-photo-5982391.jpeg?auto=compress&cs=tinysrgb&fit=crop&h=627&w=1200","contentUrl":"https:\/\/images.pexels.com\/photos\/5982391\/pexels-photo-5982391.jpeg?auto=compress&cs=tinysrgb&fit=crop&h=627&w=1200"},{"@type":"WebSite","@id":"https:\/\/greenwichmeridien.fr\/blog\/#website","url":"https:\/\/greenwichmeridien.fr\/blog\/","name":"Greenwich M\u00e9ridien","description":"Greenwich M\u00e9ridien, le rep\u00e8re du temps et du voyage","publisher":{"@id":"https:\/\/greenwichmeridien.fr\/blog\/#organization"},"alternateName":"Greenwich M\u00e9ridien, le rep\u00e8re du temps et du voyage","potentialAction":[{"@type":"SearchAction","target":{"@type":"EntryPoint","urlTemplate":"https:\/\/greenwichmeridien.fr\/blog\/?s={search_term_string}"},"query-input":{"@type":"PropertyValueSpecification","valueRequired":true,"valueName":"search_term_string"}}],"inLanguage":"fr-FR"},{"@type":"Organization","@id":"https:\/\/greenwichmeridien.fr\/blog\/#organization","name":"Greenwich M\u00e9ridien","alternateName":"Greenwich M\u00e9ridien","url":"https:\/\/greenwichmeridien.fr\/blog\/","logo":{"@type":"ImageObject","inLanguage":"fr-FR","@id":"https:\/\/greenwichmeridien.fr\/blog\/#\/schema\/logo\/image\/","url":"https:\/\/greenwichmeridien.fr\/blog\/wp-content\/uploads\/2024\/12\/greenwichmeridien.png","contentUrl":"https:\/\/greenwichmeridien.fr\/blog\/wp-content\/uploads\/2024\/12\/greenwichmeridien.png","width":500,"height":500,"caption":"Greenwich M\u00e9ridien"},"image":{"@id":"https:\/\/greenwichmeridien.fr\/blog\/#\/schema\/logo\/image\/"}},{"@type":"Person","@id":"https:\/\/greenwichmeridien.fr\/blog\/#\/schema\/person\/3c864cdc320801e3db34b663e7e3f816","name":"Samuel Chalmin","image":{"@type":"ImageObject","inLanguage":"fr-FR","@id":"https:\/\/greenwichmeridien.fr\/blog\/#\/schema\/person\/image\/","url":"https:\/\/secure.gravatar.com\/avatar\/cef3677de7d237273d13053728f9470818581a8a27d9bf6f5039fd18508a905f?s=96&d=mm&r=g","contentUrl":"https:\/\/secure.gravatar.com\/avatar\/cef3677de7d237273d13053728f9470818581a8a27d9bf6f5039fd18508a905f?s=96&d=mm&r=g","caption":"Samuel Chalmin"},"description":"R\u00e9dacteur du site, il suit les questions de temps et de calendrier : m\u00e9ridien de Greenwich, heure GMT et UTC, fuseaux horaires, changement d'heure, ann\u00e9es bissextiles et jours f\u00e9ri\u00e9s.","sameAs":["https:\/\/samuelchalmin.fr\/"],"url":"https:\/\/greenwichmeridien.fr\/blog\/auteur\/noname\/"}]}},"_links":{"self":[{"href":"https:\/\/greenwichmeridien.fr\/blog\/wp-json\/wp\/v2\/posts\/7841","targetHints":{"allow":["GET"]}}],"collection":[{"href":"https:\/\/greenwichmeridien.fr\/blog\/wp-json\/wp\/v2\/posts"}],"about":[{"href":"https:\/\/greenwichmeridien.fr\/blog\/wp-json\/wp\/v2\/types\/post"}],"author":[{"embeddable":true,"href":"https:\/\/greenwichmeridien.fr\/blog\/wp-json\/wp\/v2\/users\/34"}],"replies":[{"embeddable":true,"href":"https:\/\/greenwichmeridien.fr\/blog\/wp-json\/wp\/v2\/comments?post=7841"}],"version-history":[{"count":0,"href":"https:\/\/greenwichmeridien.fr\/blog\/wp-json\/wp\/v2\/posts\/7841\/revisions"}],"wp:attachment":[{"href":"https:\/\/greenwichmeridien.fr\/blog\/wp-json\/wp\/v2\/media?parent=7841"}],"wp:term":[{"taxonomy":"category","embeddable":true,"href":"https:\/\/greenwichmeridien.fr\/blog\/wp-json\/wp\/v2\/categories?post=7841"},{"taxonomy":"post_tag","embeddable":true,"href":"https:\/\/greenwichmeridien.fr\/blog\/wp-json\/wp\/v2\/tags?post=7841"}],"curies":[{"name":"wp","href":"https:\/\/api.w.org\/{rel}","templated":true}]}}