{"id":7842,"date":"2026-07-16T18:06:01","date_gmt":"2026-07-16T16:06:01","guid":{"rendered":"https:\/\/greenwichmeridien.fr\/blog\/histoire-et-culture\/heure-et-calendrier\/numero-de-semaine-quelle-est-la-semaine-1\/"},"modified":"2026-07-16T18:06:01","modified_gmt":"2026-07-16T16:06:01","slug":"numero-de-semaine-quelle-est-la-semaine-1","status":"publish","type":"post","link":"https:\/\/greenwichmeridien.fr\/blog\/histoire-et-culture\/heure-et-calendrier\/numero-de-semaine-quelle-est-la-semaine-1\/","title":{"rendered":"Num\u00e9ro de semaine : quelle est la semaine 1 de l&rsquo;ann\u00e9e ?"},"content":{"rendered":"<p><strong>La semaine 1 de l&rsquo;ann\u00e9e est celle qui contient le premier jeudi de janvier \u2014 ou, ce qui revient au m\u00eame, celle du 4 janvier. C&rsquo;est la norme internationale ISO 8601, utilis\u00e9e en France par les entreprises, les \u00e9coles et les bulletins de paie. Une semaine y commence toujours le lundi.<\/strong><\/p>\n<p>Cons\u00e9quence surprenante : la semaine 1 peut commencer\u2026 en d\u00e9cembre de l&rsquo;ann\u00e9e pr\u00e9c\u00e9dente. Et les derniers jours de d\u00e9cembre peuvent appartenir \u00e0 la semaine 1 de l&rsquo;ann\u00e9e suivante. Ce n&rsquo;est pas un bug de votre agenda, c&rsquo;est la r\u00e8gle.<\/p>\n<h2>Comment fonctionne la num\u00e9rotation ISO<\/h2>\n<ul>\n<li>Les semaines vont du <strong>lundi au dimanche<\/strong>.<\/li>\n<li>La <strong>semaine 1<\/strong> est celle qui contient le premier jeudi de janvier (autrement dit, la premi\u00e8re semaine dont la majorit\u00e9 des jours tombe dans la nouvelle ann\u00e9e).<\/li>\n<li>Une ann\u00e9e compte <strong>52 ou 53 semaines<\/strong>. Il y a 53 semaines quand l&rsquo;ann\u00e9e commence un jeudi (ou un mercredi pour une ann\u00e9e bissextile).<\/li>\n<\/ul>\n<h2>Rep\u00e8res concrets pour 2026 et 2027<\/h2>\n<table>\n<thead>\n<tr>\n<th>Ann\u00e9e<\/th>\n<th>Semaine 1<\/th>\n<th>Nombre de semaines<\/th>\n<th>Particularit\u00e9<\/th>\n<\/tr>\n<\/thead>\n<tbody>\n<tr>\n<td>2026<\/td>\n<td>lundi 29 d\u00e9cembre 2025 \u2192 dimanche 4 janvier 2026<\/td>\n<td>53<\/td>\n<td>Le 1er janvier 2026 tombe un jeudi : l&rsquo;ann\u00e9e compte 53 semaines<\/td>\n<\/tr>\n<tr>\n<td>2027<\/td>\n<td>lundi 4 janvier \u2192 dimanche 10 janvier 2027<\/td>\n<td>52<\/td>\n<td>Les 1\u1d49\u02b3, 2 et 3 janvier 2027 appartiennent encore \u00e0 la semaine 53 de 2026<\/td>\n<\/tr>\n<\/tbody>\n<\/table>\n<p>Pour conna\u00eetre le num\u00e9ro de la semaine en cours, le plus simple reste votre t\u00e9l\u00e9phone : l&rsquo;agenda Google et le calendrier de l&rsquo;iPhone peuvent afficher les num\u00e9ros de semaine (option \u00e0 activer dans les r\u00e9glages), et une recherche \u00ab num\u00e9ro de semaine \u00bb donne la r\u00e9ponse instantan\u00e9ment.<\/p>\n<h2>\u00c0 quoi servent les num\u00e9ros de semaine ?<\/h2>\n<p>\u00c0 planifier sans ambigu\u00eft\u00e9. \u00ab Livraison en semaine 12 \u00bb est plus fiable qu&rsquo;un \u00ab mi-mars \u00bb : l&rsquo;industrie, la logistique, le BTP et les plannings scolaires fonctionnent ainsi. C&rsquo;est aussi la r\u00e9f\u00e9rence des jugements de garde altern\u00e9e (\u00ab semaines paires \/ semaines impaires \u00bb) et des plannings d&rsquo;astreinte.<\/p>\n<details>\n<summary>Comment savoir si on est en semaine paire ou impaire ?<\/summary>\n<p>Regardez le num\u00e9ro ISO de la semaine dans votre agenda : s&rsquo;il est pair (2, 4, 6\u2026), la semaine est paire. Attention en d\u00e9but d&rsquo;ann\u00e9e : dans une ann\u00e9e \u00e0 53 semaines comme 2026, deux semaines impaires se suivent au passage de l&rsquo;an (53 puis 1).<\/p>\n<\/details>\n<details>\n<summary>Pourquoi mon agenda am\u00e9ricain donne-t-il un autre num\u00e9ro ?<\/summary>\n<p>Les \u00c9tats-Unis utilisent un autre syst\u00e8me : la semaine y commence le dimanche et la semaine 1 est celle du 1er janvier, quel que soit le jour. Le num\u00e9ro peut donc diff\u00e9rer d&rsquo;une unit\u00e9 par rapport \u00e0 la norme ISO utilis\u00e9e en Europe.<\/p>\n<\/details>\n<details>\n<summary>Toutes les ann\u00e9es ont-elles 52 semaines ?<\/summary>\n<p>Non : environ une ann\u00e9e sur cinq \u00e0 sept en compte 53. C&rsquo;est m\u00e9canique \u2014 52 semaines ne font que 364 jours, il faut bien loger le ou les jours restants.<\/p>\n<\/details>\n<details>\n<summary>Une semaine peut-elle \u00eatre \u00e0 cheval sur deux ann\u00e9es ?<\/summary>\n<p>Oui, presque toujours : sauf quand le 1er janvier tombe un lundi, la semaine du Nouvel An chevauche d\u00e9cembre et janvier. La norme ISO l&rsquo;attribue en bloc \u00e0 une seule ann\u00e9e, celle o\u00f9 tombe son jeudi.<\/p>\n<\/details>\n<h2>\u00c0 lire aussi<\/h2>\n<ul>\n<li><a href=\"https:\/\/greenwichmeridien.fr\/blog\/histoire-et-culture\/heure-et-calendrier\/heure-et-calendrier-questions\/\">L&rsquo;heure et le calendrier en questions : le sommaire complet<\/a><\/li>\n<li><a href=\"https:\/\/greenwichmeridien.fr\/blog\/histoire-et-culture\/heure-et-calendrier\/annee-bissextile-quand-est-la-prochaine\/\">Ann\u00e9e bissextile : c&rsquo;est quoi, et quand est la prochaine ?<\/a><\/li>\n<li><a href=\"https:\/\/greenwichmeridien.fr\/blog\/histoire-et-culture\/heure-et-calendrier\/combien-de-jours-feries-en-france\/\">Combien de jours f\u00e9ri\u00e9s en France, et lesquels ?<\/a><\/li>\n<\/ul>\n","protected":false},"excerpt":{"rendered":"","protected":false},"author":34,"featured_media":999999999,"comment_status":"open","ping_status":"open","sticky":false,"template":"","format":"standard","meta":{"_acf_changed":false,"manual_indexmenow":false,"indexmenow_id_project":0,"footnotes":""},"categories":[4824],"tags":[],"class_list":["post-7842","post","type-post","status-publish","format-standard","has-post-thumbnail","hentry","category-heure-et-calendrier","generate-columns","tablet-grid-50","mobile-grid-100","grid-parent","grid-25"],"acf":[],"yoast_head":"<!-- This site is optimized with the Yoast SEO Premium plugin v21.3 (Yoast SEO v25.6) - https:\/\/yoast.com\/wordpress\/plugins\/seo\/ -->\n<title>Num\u00e9ro de semaine : quelle est la semaine 1 de l&#039;ann\u00e9e ?<\/title>\n<meta name=\"description\" content=\"La semaine 1 de l&#039;ann\u00e9e est celle qui contient le premier jeudi de janvier \u2014 ou, ce qui revient au m\u00eame, celle du 4 janvier. C&#039;est la norme internationale\" \/>\n<meta name=\"robots\" content=\"index, follow, max-snippet:-1, max-image-preview:large, max-video-preview:-1\" \/>\n<link rel=\"canonical\" href=\"https:\/\/greenwichmeridien.fr\/blog\/histoire-et-culture\/heure-et-calendrier\/numero-de-semaine-quelle-est-la-semaine-1\/\" \/>\n<meta property=\"og:locale\" content=\"fr_FR\" \/>\n<meta property=\"og:type\" content=\"article\" \/>\n<meta property=\"og:title\" content=\"Num\u00e9ro de semaine : quelle est la semaine 1 de l&#039;ann\u00e9e ?\" \/>\n<meta property=\"og:description\" content=\"La semaine 1 de l&#039;ann\u00e9e est celle qui contient le premier jeudi de janvier \u2014 ou, ce qui revient au m\u00eame, celle du 4 janvier. C&#039;est la norme internationale\" \/>\n<meta property=\"og:url\" content=\"https:\/\/greenwichmeridien.fr\/blog\/histoire-et-culture\/heure-et-calendrier\/numero-de-semaine-quelle-est-la-semaine-1\/\" \/>\n<meta property=\"og:site_name\" content=\"greenwichmeridien\" \/>\n<meta name=\"author\" content=\"Samuel Chalmin\" \/>\n<meta name=\"twitter:card\" content=\"summary_large_image\" \/>\n<script type=\"application\/ld+json\" class=\"yoast-schema-graph\">{\"@context\":\"https:\/\/schema.org\",\"@graph\":[{\"@type\":\"NewsArticle\",\"@id\":\"https:\/\/greenwichmeridien.fr\/blog\/histoire-et-culture\/heure-et-calendrier\/numero-de-semaine-quelle-est-la-semaine-1\/#article\",\"isPartOf\":{\"@id\":\"https:\/\/greenwichmeridien.fr\/blog\/histoire-et-culture\/heure-et-calendrier\/numero-de-semaine-quelle-est-la-semaine-1\/\"},\"author\":{\"name\":\"Samuel Chalmin\",\"@id\":\"https:\/\/greenwichmeridien.fr\/blog\/#\/schema\/person\/3c864cdc320801e3db34b663e7e3f816\"},\"headline\":\"Num\u00e9ro de semaine : quelle est la semaine 1 de l&rsquo;ann\u00e9e ?\",\"datePublished\":\"2026-07-16T16:06:01+00:00\",\"mainEntityOfPage\":{\"@id\":\"https:\/\/greenwichmeridien.fr\/blog\/histoire-et-culture\/heure-et-calendrier\/numero-de-semaine-quelle-est-la-semaine-1\/\"},\"wordCount\":546,\"commentCount\":0,\"publisher\":{\"@id\":\"https:\/\/greenwichmeridien.fr\/blog\/#organization\"},\"image\":{\"@id\":\"https:\/\/greenwichmeridien.fr\/blog\/histoire-et-culture\/heure-et-calendrier\/numero-de-semaine-quelle-est-la-semaine-1\/#primaryimage\"},\"thumbnailUrl\":\"https:\/\/images.pexels.com\/photos\/29509518\/pexels-photo-29509518.jpeg?auto=compress&cs=tinysrgb&fit=crop&h=627&w=1200\",\"articleSection\":[\"L'heure &amp; le calendrier\"],\"inLanguage\":\"fr-FR\",\"potentialAction\":[{\"@type\":\"CommentAction\",\"name\":\"Comment\",\"target\":[\"https:\/\/greenwichmeridien.fr\/blog\/histoire-et-culture\/heure-et-calendrier\/numero-de-semaine-quelle-est-la-semaine-1\/#respond\"]}]},{\"@type\":\"WebPage\",\"@id\":\"https:\/\/greenwichmeridien.fr\/blog\/histoire-et-culture\/heure-et-calendrier\/numero-de-semaine-quelle-est-la-semaine-1\/\",\"url\":\"https:\/\/greenwichmeridien.fr\/blog\/histoire-et-culture\/heure-et-calendrier\/numero-de-semaine-quelle-est-la-semaine-1\/\",\"name\":\"Num\u00e9ro de semaine : quelle est la semaine 1 de l'ann\u00e9e ?\",\"isPartOf\":{\"@id\":\"https:\/\/greenwichmeridien.fr\/blog\/#website\"},\"primaryImageOfPage\":{\"@id\":\"https:\/\/greenwichmeridien.fr\/blog\/histoire-et-culture\/heure-et-calendrier\/numero-de-semaine-quelle-est-la-semaine-1\/#primaryimage\"},\"image\":{\"@id\":\"https:\/\/greenwichmeridien.fr\/blog\/histoire-et-culture\/heure-et-calendrier\/numero-de-semaine-quelle-est-la-semaine-1\/#primaryimage\"},\"thumbnailUrl\":\"https:\/\/images.pexels.com\/photos\/29509518\/pexels-photo-29509518.jpeg?auto=compress&cs=tinysrgb&fit=crop&h=627&w=1200\",\"datePublished\":\"2026-07-16T16:06:01+00:00\",\"description\":\"La semaine 1 de l'ann\u00e9e est celle qui contient le premier jeudi de janvier \u2014 ou, ce qui revient au m\u00eame, celle du 4 janvier. C'est la norme internationale\",\"inLanguage\":\"fr-FR\",\"potentialAction\":[{\"@type\":\"ReadAction\",\"target\":[\"https:\/\/greenwichmeridien.fr\/blog\/histoire-et-culture\/heure-et-calendrier\/numero-de-semaine-quelle-est-la-semaine-1\/\"]}]},{\"@type\":\"ImageObject\",\"inLanguage\":\"fr-FR\",\"@id\":\"https:\/\/greenwichmeridien.fr\/blog\/histoire-et-culture\/heure-et-calendrier\/numero-de-semaine-quelle-est-la-semaine-1\/#primaryimage\",\"url\":\"https:\/\/images.pexels.com\/photos\/29509518\/pexels-photo-29509518.jpeg?auto=compress&cs=tinysrgb&fit=crop&h=627&w=1200\",\"contentUrl\":\"https:\/\/images.pexels.com\/photos\/29509518\/pexels-photo-29509518.jpeg?auto=compress&cs=tinysrgb&fit=crop&h=627&w=1200\"},{\"@type\":\"WebSite\",\"@id\":\"https:\/\/greenwichmeridien.fr\/blog\/#website\",\"url\":\"https:\/\/greenwichmeridien.fr\/blog\/\",\"name\":\"Greenwich M\u00e9ridien\",\"description\":\"Greenwich M\u00e9ridien, le rep\u00e8re du temps et du voyage\",\"publisher\":{\"@id\":\"https:\/\/greenwichmeridien.fr\/blog\/#organization\"},\"alternateName\":\"Greenwich M\u00e9ridien, le rep\u00e8re du temps et du voyage\",\"potentialAction\":[{\"@type\":\"SearchAction\",\"target\":{\"@type\":\"EntryPoint\",\"urlTemplate\":\"https:\/\/greenwichmeridien.fr\/blog\/?s={search_term_string}\"},\"query-input\":{\"@type\":\"PropertyValueSpecification\",\"valueRequired\":true,\"valueName\":\"search_term_string\"}}],\"inLanguage\":\"fr-FR\"},{\"@type\":\"Organization\",\"@id\":\"https:\/\/greenwichmeridien.fr\/blog\/#organization\",\"name\":\"Greenwich M\u00e9ridien\",\"alternateName\":\"Greenwich M\u00e9ridien\",\"url\":\"https:\/\/greenwichmeridien.fr\/blog\/\",\"logo\":{\"@type\":\"ImageObject\",\"inLanguage\":\"fr-FR\",\"@id\":\"https:\/\/greenwichmeridien.fr\/blog\/#\/schema\/logo\/image\/\",\"url\":\"https:\/\/greenwichmeridien.fr\/blog\/wp-content\/uploads\/2024\/12\/greenwichmeridien.png\",\"contentUrl\":\"https:\/\/greenwichmeridien.fr\/blog\/wp-content\/uploads\/2024\/12\/greenwichmeridien.png\",\"width\":500,\"height\":500,\"caption\":\"Greenwich M\u00e9ridien\"},\"image\":{\"@id\":\"https:\/\/greenwichmeridien.fr\/blog\/#\/schema\/logo\/image\/\"}},{\"@type\":\"Person\",\"@id\":\"https:\/\/greenwichmeridien.fr\/blog\/#\/schema\/person\/3c864cdc320801e3db34b663e7e3f816\",\"name\":\"Samuel Chalmin\",\"image\":{\"@type\":\"ImageObject\",\"inLanguage\":\"fr-FR\",\"@id\":\"https:\/\/greenwichmeridien.fr\/blog\/#\/schema\/person\/image\/\",\"url\":\"https:\/\/secure.gravatar.com\/avatar\/cef3677de7d237273d13053728f9470818581a8a27d9bf6f5039fd18508a905f?s=96&d=mm&r=g\",\"contentUrl\":\"https:\/\/secure.gravatar.com\/avatar\/cef3677de7d237273d13053728f9470818581a8a27d9bf6f5039fd18508a905f?s=96&d=mm&r=g\",\"caption\":\"Samuel Chalmin\"},\"description\":\"R\u00e9dacteur du site, il suit les questions de temps et de calendrier : m\u00e9ridien de Greenwich, heure GMT et UTC, fuseaux horaires, changement d'heure, ann\u00e9es bissextiles et jours f\u00e9ri\u00e9s.\",\"sameAs\":[\"https:\/\/samuelchalmin.fr\/\"],\"url\":\"https:\/\/greenwichmeridien.fr\/blog\/auteur\/noname\/\"}]}<\/script>\n<!-- \/ Yoast SEO Premium plugin. -->","yoast_head_json":{"title":"Num\u00e9ro de semaine : quelle est la semaine 1 de l'ann\u00e9e ?","description":"La semaine 1 de l'ann\u00e9e est celle qui contient le premier jeudi de janvier \u2014 ou, ce qui revient au m\u00eame, celle du 4 janvier. C'est la norme internationale","robots":{"index":"index","follow":"follow","max-snippet":"max-snippet:-1","max-image-preview":"max-image-preview:large","max-video-preview":"max-video-preview:-1"},"canonical":"https:\/\/greenwichmeridien.fr\/blog\/histoire-et-culture\/heure-et-calendrier\/numero-de-semaine-quelle-est-la-semaine-1\/","og_locale":"fr_FR","og_type":"article","og_title":"Num\u00e9ro de semaine : quelle est la semaine 1 de l'ann\u00e9e ?","og_description":"La semaine 1 de l'ann\u00e9e est celle qui contient le premier jeudi de janvier \u2014 ou, ce qui revient au m\u00eame, celle du 4 janvier. C'est la norme internationale","og_url":"https:\/\/greenwichmeridien.fr\/blog\/histoire-et-culture\/heure-et-calendrier\/numero-de-semaine-quelle-est-la-semaine-1\/","og_site_name":"greenwichmeridien","author":"Samuel Chalmin","twitter_card":"summary_large_image","schema":{"@context":"https:\/\/schema.org","@graph":[{"@type":"NewsArticle","@id":"https:\/\/greenwichmeridien.fr\/blog\/histoire-et-culture\/heure-et-calendrier\/numero-de-semaine-quelle-est-la-semaine-1\/#article","isPartOf":{"@id":"https:\/\/greenwichmeridien.fr\/blog\/histoire-et-culture\/heure-et-calendrier\/numero-de-semaine-quelle-est-la-semaine-1\/"},"author":{"name":"Samuel Chalmin","@id":"https:\/\/greenwichmeridien.fr\/blog\/#\/schema\/person\/3c864cdc320801e3db34b663e7e3f816"},"headline":"Num\u00e9ro de semaine : quelle est la semaine 1 de l&rsquo;ann\u00e9e ?","datePublished":"2026-07-16T16:06:01+00:00","mainEntityOfPage":{"@id":"https:\/\/greenwichmeridien.fr\/blog\/histoire-et-culture\/heure-et-calendrier\/numero-de-semaine-quelle-est-la-semaine-1\/"},"wordCount":546,"commentCount":0,"publisher":{"@id":"https:\/\/greenwichmeridien.fr\/blog\/#organization"},"image":{"@id":"https:\/\/greenwichmeridien.fr\/blog\/histoire-et-culture\/heure-et-calendrier\/numero-de-semaine-quelle-est-la-semaine-1\/#primaryimage"},"thumbnailUrl":"https:\/\/images.pexels.com\/photos\/29509518\/pexels-photo-29509518.jpeg?auto=compress&cs=tinysrgb&fit=crop&h=627&w=1200","articleSection":["L'heure &amp; le calendrier"],"inLanguage":"fr-FR","potentialAction":[{"@type":"CommentAction","name":"Comment","target":["https:\/\/greenwichmeridien.fr\/blog\/histoire-et-culture\/heure-et-calendrier\/numero-de-semaine-quelle-est-la-semaine-1\/#respond"]}]},{"@type":"WebPage","@id":"https:\/\/greenwichmeridien.fr\/blog\/histoire-et-culture\/heure-et-calendrier\/numero-de-semaine-quelle-est-la-semaine-1\/","url":"https:\/\/greenwichmeridien.fr\/blog\/histoire-et-culture\/heure-et-calendrier\/numero-de-semaine-quelle-est-la-semaine-1\/","name":"Num\u00e9ro de semaine : quelle est la semaine 1 de l'ann\u00e9e ?","isPartOf":{"@id":"https:\/\/greenwichmeridien.fr\/blog\/#website"},"primaryImageOfPage":{"@id":"https:\/\/greenwichmeridien.fr\/blog\/histoire-et-culture\/heure-et-calendrier\/numero-de-semaine-quelle-est-la-semaine-1\/#primaryimage"},"image":{"@id":"https:\/\/greenwichmeridien.fr\/blog\/histoire-et-culture\/heure-et-calendrier\/numero-de-semaine-quelle-est-la-semaine-1\/#primaryimage"},"thumbnailUrl":"https:\/\/images.pexels.com\/photos\/29509518\/pexels-photo-29509518.jpeg?auto=compress&cs=tinysrgb&fit=crop&h=627&w=1200","datePublished":"2026-07-16T16:06:01+00:00","description":"La semaine 1 de l'ann\u00e9e est celle qui contient le premier jeudi de janvier \u2014 ou, ce qui revient au m\u00eame, celle du 4 janvier. C'est la norme internationale","inLanguage":"fr-FR","potentialAction":[{"@type":"ReadAction","target":["https:\/\/greenwichmeridien.fr\/blog\/histoire-et-culture\/heure-et-calendrier\/numero-de-semaine-quelle-est-la-semaine-1\/"]}]},{"@type":"ImageObject","inLanguage":"fr-FR","@id":"https:\/\/greenwichmeridien.fr\/blog\/histoire-et-culture\/heure-et-calendrier\/numero-de-semaine-quelle-est-la-semaine-1\/#primaryimage","url":"https:\/\/images.pexels.com\/photos\/29509518\/pexels-photo-29509518.jpeg?auto=compress&cs=tinysrgb&fit=crop&h=627&w=1200","contentUrl":"https:\/\/images.pexels.com\/photos\/29509518\/pexels-photo-29509518.jpeg?auto=compress&cs=tinysrgb&fit=crop&h=627&w=1200"},{"@type":"WebSite","@id":"https:\/\/greenwichmeridien.fr\/blog\/#website","url":"https:\/\/greenwichmeridien.fr\/blog\/","name":"Greenwich M\u00e9ridien","description":"Greenwich M\u00e9ridien, le rep\u00e8re du temps et du voyage","publisher":{"@id":"https:\/\/greenwichmeridien.fr\/blog\/#organization"},"alternateName":"Greenwich M\u00e9ridien, le rep\u00e8re du temps et du voyage","potentialAction":[{"@type":"SearchAction","target":{"@type":"EntryPoint","urlTemplate":"https:\/\/greenwichmeridien.fr\/blog\/?s={search_term_string}"},"query-input":{"@type":"PropertyValueSpecification","valueRequired":true,"valueName":"search_term_string"}}],"inLanguage":"fr-FR"},{"@type":"Organization","@id":"https:\/\/greenwichmeridien.fr\/blog\/#organization","name":"Greenwich M\u00e9ridien","alternateName":"Greenwich M\u00e9ridien","url":"https:\/\/greenwichmeridien.fr\/blog\/","logo":{"@type":"ImageObject","inLanguage":"fr-FR","@id":"https:\/\/greenwichmeridien.fr\/blog\/#\/schema\/logo\/image\/","url":"https:\/\/greenwichmeridien.fr\/blog\/wp-content\/uploads\/2024\/12\/greenwichmeridien.png","contentUrl":"https:\/\/greenwichmeridien.fr\/blog\/wp-content\/uploads\/2024\/12\/greenwichmeridien.png","width":500,"height":500,"caption":"Greenwich M\u00e9ridien"},"image":{"@id":"https:\/\/greenwichmeridien.fr\/blog\/#\/schema\/logo\/image\/"}},{"@type":"Person","@id":"https:\/\/greenwichmeridien.fr\/blog\/#\/schema\/person\/3c864cdc320801e3db34b663e7e3f816","name":"Samuel Chalmin","image":{"@type":"ImageObject","inLanguage":"fr-FR","@id":"https:\/\/greenwichmeridien.fr\/blog\/#\/schema\/person\/image\/","url":"https:\/\/secure.gravatar.com\/avatar\/cef3677de7d237273d13053728f9470818581a8a27d9bf6f5039fd18508a905f?s=96&d=mm&r=g","contentUrl":"https:\/\/secure.gravatar.com\/avatar\/cef3677de7d237273d13053728f9470818581a8a27d9bf6f5039fd18508a905f?s=96&d=mm&r=g","caption":"Samuel Chalmin"},"description":"R\u00e9dacteur du site, il suit les questions de temps et de calendrier : m\u00e9ridien de Greenwich, heure GMT et UTC, fuseaux horaires, changement d'heure, ann\u00e9es bissextiles et jours f\u00e9ri\u00e9s.","sameAs":["https:\/\/samuelchalmin.fr\/"],"url":"https:\/\/greenwichmeridien.fr\/blog\/auteur\/noname\/"}]}},"_links":{"self":[{"href":"https:\/\/greenwichmeridien.fr\/blog\/wp-json\/wp\/v2\/posts\/7842","targetHints":{"allow":["GET"]}}],"collection":[{"href":"https:\/\/greenwichmeridien.fr\/blog\/wp-json\/wp\/v2\/posts"}],"about":[{"href":"https:\/\/greenwichmeridien.fr\/blog\/wp-json\/wp\/v2\/types\/post"}],"author":[{"embeddable":true,"href":"https:\/\/greenwichmeridien.fr\/blog\/wp-json\/wp\/v2\/users\/34"}],"replies":[{"embeddable":true,"href":"https:\/\/greenwichmeridien.fr\/blog\/wp-json\/wp\/v2\/comments?post=7842"}],"version-history":[{"count":0,"href":"https:\/\/greenwichmeridien.fr\/blog\/wp-json\/wp\/v2\/posts\/7842\/revisions"}],"wp:attachment":[{"href":"https:\/\/greenwichmeridien.fr\/blog\/wp-json\/wp\/v2\/media?parent=7842"}],"wp:term":[{"taxonomy":"category","embeddable":true,"href":"https:\/\/greenwichmeridien.fr\/blog\/wp-json\/wp\/v2\/categories?post=7842"},{"taxonomy":"post_tag","embeddable":true,"href":"https:\/\/greenwichmeridien.fr\/blog\/wp-json\/wp\/v2\/tags?post=7842"}],"curies":[{"name":"wp","href":"https:\/\/api.w.org\/{rel}","templated":true}]}}