{"id":7843,"date":"2026-07-16T18:06:06","date_gmt":"2026-07-16T16:06:06","guid":{"rendered":"https:\/\/greenwichmeridien.fr\/blog\/histoire-et-culture\/heure-et-calendrier\/combien-de-jours-feries-en-france\/"},"modified":"2026-07-16T18:06:06","modified_gmt":"2026-07-16T16:06:06","slug":"combien-de-jours-feries-en-france","status":"publish","type":"post","link":"https:\/\/greenwichmeridien.fr\/blog\/histoire-et-culture\/heure-et-calendrier\/combien-de-jours-feries-en-france\/","title":{"rendered":"Combien de jours f\u00e9ri\u00e9s en France, et lesquels ?"},"content":{"rendered":"<p><strong>La France m\u00e9tropolitaine compte 11 jours f\u00e9ri\u00e9s l\u00e9gaux, fix\u00e9s par l&rsquo;article L3133-1 du Code du travail : 1er janvier, lundi de P\u00e2ques, 1er mai, 8 mai, Ascension, lundi de Pentec\u00f4te, 14 juillet, 15 ao\u00fbt, 1er novembre, 11 novembre et 25 d\u00e9cembre. L&rsquo;Alsace-Moselle en ajoute deux : le Vendredi saint et le 26 d\u00e9cembre.<\/strong><\/p>\n<p>Cinq sont \u00e0 date fixe civile, trois sont li\u00e9s \u00e0 P\u00e2ques (et bougent chaque ann\u00e9e), trois sont des f\u00eates religieuses ou comm\u00e9moratives \u00e0 date fixe. Avec 11 jours, la France se situe dans la moyenne europ\u00e9enne.<\/p>\n<h2>Les jours f\u00e9ri\u00e9s 2026, avec le jour de la semaine<\/h2>\n<table>\n<thead>\n<tr>\n<th>Jour f\u00e9ri\u00e9<\/th>\n<th>Date 2026<\/th>\n<th>Tombe un\u2026<\/th>\n<\/tr>\n<\/thead>\n<tbody>\n<tr>\n<td>Jour de l&rsquo;an<\/td>\n<td>1er janvier<\/td>\n<td>jeudi<\/td>\n<\/tr>\n<tr>\n<td>Lundi de P\u00e2ques<\/td>\n<td>6 avril<\/td>\n<td>lundi<\/td>\n<\/tr>\n<tr>\n<td>F\u00eate du Travail<\/td>\n<td>1er mai<\/td>\n<td>vendredi<\/td>\n<\/tr>\n<tr>\n<td>Victoire 1945<\/td>\n<td>8 mai<\/td>\n<td>vendredi<\/td>\n<\/tr>\n<tr>\n<td>Ascension<\/td>\n<td>14 mai<\/td>\n<td>jeudi<\/td>\n<\/tr>\n<tr>\n<td>Lundi de Pentec\u00f4te<\/td>\n<td>25 mai<\/td>\n<td>lundi<\/td>\n<\/tr>\n<tr>\n<td>F\u00eate nationale<\/td>\n<td>14 juillet<\/td>\n<td>mardi<\/td>\n<\/tr>\n<tr>\n<td>Assomption<\/td>\n<td>15 ao\u00fbt<\/td>\n<td>samedi<\/td>\n<\/tr>\n<tr>\n<td>Toussaint<\/td>\n<td>1er novembre<\/td>\n<td>dimanche<\/td>\n<\/tr>\n<tr>\n<td>Armistice 1918<\/td>\n<td>11 novembre<\/td>\n<td>mercredi<\/td>\n<\/tr>\n<tr>\n<td>No\u00ebl<\/td>\n<td>25 d\u00e9cembre<\/td>\n<td>vendredi<\/td>\n<\/tr>\n<\/tbody>\n<\/table>\n<p>Bonne ann\u00e9e pour les ponts : deux f\u00e9ri\u00e9s tombent un vendredi d\u00e9but mai, l&rsquo;Ascension offre son traditionnel pont du jeudi, et le 14 juillet un mardi ouvre un week-end de quatre jours aux amateurs. En revanche, le 15 ao\u00fbt (samedi) et la Toussaint (dimanche) sont \u00ab perdus \u00bb pour les salari\u00e9s en semaine classique.<\/p>\n<h2>F\u00e9ri\u00e9 ne veut pas dire ch\u00f4m\u00e9<\/h2>\n<p>Un jour f\u00e9ri\u00e9 est un jour de f\u00eate l\u00e9gale ; cela n&rsquo;oblige pas, en soi, l&rsquo;entreprise \u00e0 fermer. Seul le <strong>1er mai<\/strong> est obligatoirement ch\u00f4m\u00e9 pour tous les salari\u00e9s (hors secteurs qui ne peuvent pas s&rsquo;interrompre : h\u00f4pitaux, transports, h\u00f4tellerie\u2026). Pour les dix autres, c&rsquo;est l&rsquo;accord d&rsquo;entreprise ou la convention collective qui d\u00e9cide \u2014 dans les faits, la plupart des bureaux ferment, mais commerces et services tournent souvent.<\/p>\n<details>\n<summary>Deux jours f\u00e9ri\u00e9s ont-ils \u00e9t\u00e9 supprim\u00e9s ?<\/summary>\n<p>Non. La proposition de supprimer le lundi de P\u00e2ques et le 8 mai, avanc\u00e9e \u00e0 l&rsquo;\u00e9t\u00e9 2025 dans le cadre du d\u00e9bat budg\u00e9taire, n&rsquo;a jamais \u00e9t\u00e9 adopt\u00e9e. Les 11 jours f\u00e9ri\u00e9s l\u00e9gaux restent inchang\u00e9s en 2026.<\/p>\n<\/details>\n<details>\n<summary>Un f\u00e9ri\u00e9 qui tombe un samedi ou un dimanche est-il rattrap\u00e9 ?<\/summary>\n<p>Non, sauf accord collectif plus favorable : contrairement \u00e0 d&rsquo;autres pays, la France ne reporte pas les jours f\u00e9ri\u00e9s tombant le week-end.<\/p>\n<\/details>\n<details>\n<summary>Pourquoi l&rsquo;Alsace-Moselle a-t-elle deux f\u00e9ri\u00e9s de plus ?<\/summary>\n<p>H\u00e9ritage du droit local allemand (1871-1918), conserv\u00e9 au retour \u00e0 la France : le Vendredi saint et la Saint-\u00c9tienne (26 d\u00e9cembre) y sont f\u00e9ri\u00e9s.<\/p>\n<\/details>\n<details>\n<summary>Le lundi de Pentec\u00f4te est-il encore f\u00e9ri\u00e9 ?<\/summary>\n<p>Oui. Il reste un jour f\u00e9ri\u00e9 l\u00e9gal, m\u00eame s&rsquo;il sert souvent de support \u00e0 la \u00ab journ\u00e9e de solidarit\u00e9 \u00bb : selon les entreprises, il est travaill\u00e9 ou ch\u00f4m\u00e9.<\/p>\n<\/details>\n<h2>\u00c0 lire aussi<\/h2>\n<ul>\n<li><a href=\"https:\/\/greenwichmeridien.fr\/blog\/histoire-et-culture\/heure-et-calendrier\/heure-et-calendrier-questions\/\">L&rsquo;heure et le calendrier en questions : le sommaire complet<\/a><\/li>\n<li><a href=\"https:\/\/greenwichmeridien.fr\/blog\/histoire-et-culture\/heure-et-calendrier\/les-jours-feries-sont-ils-payes\/\">Les jours f\u00e9ri\u00e9s sont-ils pay\u00e9s ? Ce que dit le Code du travail<\/a><\/li>\n<li><a href=\"https:\/\/greenwichmeridien.fr\/blog\/histoire-et-culture\/heure-et-calendrier\/numero-de-semaine-quelle-est-la-semaine-1\/\">Num\u00e9ro de semaine : quelle est la semaine 1 de l&rsquo;ann\u00e9e ?<\/a><\/li>\n<\/ul>\n","protected":false},"excerpt":{"rendered":"","protected":false},"author":34,"featured_media":999999999,"comment_status":"open","ping_status":"open","sticky":false,"template":"","format":"standard","meta":{"_acf_changed":false,"manual_indexmenow":false,"indexmenow_id_project":0,"footnotes":""},"categories":[4824],"tags":[],"class_list":["post-7843","post","type-post","status-publish","format-standard","has-post-thumbnail","hentry","category-heure-et-calendrier","generate-columns","tablet-grid-50","mobile-grid-100","grid-parent","grid-25"],"acf":[],"yoast_head":"<!-- This site is optimized with the Yoast SEO Premium plugin v21.3 (Yoast SEO v25.6) - https:\/\/yoast.com\/wordpress\/plugins\/seo\/ -->\n<title>Combien de jours f\u00e9ri\u00e9s en France, et lesquels ?<\/title>\n<meta name=\"description\" content=\"La France m\u00e9tropolitaine compte 11 jours f\u00e9ri\u00e9s l\u00e9gaux, fix\u00e9s par l&#039;article L3133-1 du Code du travail : 1er janvier, lundi de P\u00e2ques, 1er mai, 8 mai,\" \/>\n<meta name=\"robots\" content=\"index, follow, max-snippet:-1, max-image-preview:large, max-video-preview:-1\" \/>\n<link rel=\"canonical\" href=\"https:\/\/greenwichmeridien.fr\/blog\/histoire-et-culture\/heure-et-calendrier\/combien-de-jours-feries-en-france\/\" \/>\n<meta property=\"og:locale\" content=\"fr_FR\" \/>\n<meta property=\"og:type\" content=\"article\" \/>\n<meta property=\"og:title\" content=\"Combien de jours f\u00e9ri\u00e9s en France, et lesquels ?\" \/>\n<meta property=\"og:description\" content=\"La France m\u00e9tropolitaine compte 11 jours f\u00e9ri\u00e9s l\u00e9gaux, fix\u00e9s par l&#039;article L3133-1 du Code du travail : 1er janvier, lundi de P\u00e2ques, 1er mai, 8 mai,\" \/>\n<meta property=\"og:url\" content=\"https:\/\/greenwichmeridien.fr\/blog\/histoire-et-culture\/heure-et-calendrier\/combien-de-jours-feries-en-france\/\" \/>\n<meta property=\"og:site_name\" content=\"greenwichmeridien\" \/>\n<meta name=\"author\" content=\"Samuel Chalmin\" \/>\n<meta name=\"twitter:card\" content=\"summary_large_image\" \/>\n<script type=\"application\/ld+json\" class=\"yoast-schema-graph\">{\"@context\":\"https:\/\/schema.org\",\"@graph\":[{\"@type\":\"NewsArticle\",\"@id\":\"https:\/\/greenwichmeridien.fr\/blog\/histoire-et-culture\/heure-et-calendrier\/combien-de-jours-feries-en-france\/#article\",\"isPartOf\":{\"@id\":\"https:\/\/greenwichmeridien.fr\/blog\/histoire-et-culture\/heure-et-calendrier\/combien-de-jours-feries-en-france\/\"},\"author\":{\"name\":\"Samuel Chalmin\",\"@id\":\"https:\/\/greenwichmeridien.fr\/blog\/#\/schema\/person\/3c864cdc320801e3db34b663e7e3f816\"},\"headline\":\"Combien de jours f\u00e9ri\u00e9s en France, et lesquels ?\",\"datePublished\":\"2026-07-16T16:06:06+00:00\",\"mainEntityOfPage\":{\"@id\":\"https:\/\/greenwichmeridien.fr\/blog\/histoire-et-culture\/heure-et-calendrier\/combien-de-jours-feries-en-france\/\"},\"wordCount\":518,\"commentCount\":0,\"publisher\":{\"@id\":\"https:\/\/greenwichmeridien.fr\/blog\/#organization\"},\"image\":{\"@id\":\"https:\/\/greenwichmeridien.fr\/blog\/histoire-et-culture\/heure-et-calendrier\/combien-de-jours-feries-en-france\/#primaryimage\"},\"thumbnailUrl\":\"https:\/\/images.pexels.com\/photos\/30732699\/pexels-photo-30732699.jpeg?auto=compress&cs=tinysrgb&fit=crop&h=627&w=1200\",\"articleSection\":[\"L'heure &amp; le calendrier\"],\"inLanguage\":\"fr-FR\",\"potentialAction\":[{\"@type\":\"CommentAction\",\"name\":\"Comment\",\"target\":[\"https:\/\/greenwichmeridien.fr\/blog\/histoire-et-culture\/heure-et-calendrier\/combien-de-jours-feries-en-france\/#respond\"]}]},{\"@type\":\"WebPage\",\"@id\":\"https:\/\/greenwichmeridien.fr\/blog\/histoire-et-culture\/heure-et-calendrier\/combien-de-jours-feries-en-france\/\",\"url\":\"https:\/\/greenwichmeridien.fr\/blog\/histoire-et-culture\/heure-et-calendrier\/combien-de-jours-feries-en-france\/\",\"name\":\"Combien de jours f\u00e9ri\u00e9s en France, et lesquels ?\",\"isPartOf\":{\"@id\":\"https:\/\/greenwichmeridien.fr\/blog\/#website\"},\"primaryImageOfPage\":{\"@id\":\"https:\/\/greenwichmeridien.fr\/blog\/histoire-et-culture\/heure-et-calendrier\/combien-de-jours-feries-en-france\/#primaryimage\"},\"image\":{\"@id\":\"https:\/\/greenwichmeridien.fr\/blog\/histoire-et-culture\/heure-et-calendrier\/combien-de-jours-feries-en-france\/#primaryimage\"},\"thumbnailUrl\":\"https:\/\/images.pexels.com\/photos\/30732699\/pexels-photo-30732699.jpeg?auto=compress&cs=tinysrgb&fit=crop&h=627&w=1200\",\"datePublished\":\"2026-07-16T16:06:06+00:00\",\"description\":\"La France m\u00e9tropolitaine compte 11 jours f\u00e9ri\u00e9s l\u00e9gaux, fix\u00e9s par l'article L3133-1 du Code du travail : 1er janvier, lundi de P\u00e2ques, 1er mai, 8 mai,\",\"inLanguage\":\"fr-FR\",\"potentialAction\":[{\"@type\":\"ReadAction\",\"target\":[\"https:\/\/greenwichmeridien.fr\/blog\/histoire-et-culture\/heure-et-calendrier\/combien-de-jours-feries-en-france\/\"]}]},{\"@type\":\"ImageObject\",\"inLanguage\":\"fr-FR\",\"@id\":\"https:\/\/greenwichmeridien.fr\/blog\/histoire-et-culture\/heure-et-calendrier\/combien-de-jours-feries-en-france\/#primaryimage\",\"url\":\"https:\/\/images.pexels.com\/photos\/30732699\/pexels-photo-30732699.jpeg?auto=compress&cs=tinysrgb&fit=crop&h=627&w=1200\",\"contentUrl\":\"https:\/\/images.pexels.com\/photos\/30732699\/pexels-photo-30732699.jpeg?auto=compress&cs=tinysrgb&fit=crop&h=627&w=1200\"},{\"@type\":\"WebSite\",\"@id\":\"https:\/\/greenwichmeridien.fr\/blog\/#website\",\"url\":\"https:\/\/greenwichmeridien.fr\/blog\/\",\"name\":\"Greenwich M\u00e9ridien\",\"description\":\"Greenwich M\u00e9ridien, le rep\u00e8re du temps et du voyage\",\"publisher\":{\"@id\":\"https:\/\/greenwichmeridien.fr\/blog\/#organization\"},\"alternateName\":\"Greenwich M\u00e9ridien, le rep\u00e8re du temps et du voyage\",\"potentialAction\":[{\"@type\":\"SearchAction\",\"target\":{\"@type\":\"EntryPoint\",\"urlTemplate\":\"https:\/\/greenwichmeridien.fr\/blog\/?s={search_term_string}\"},\"query-input\":{\"@type\":\"PropertyValueSpecification\",\"valueRequired\":true,\"valueName\":\"search_term_string\"}}],\"inLanguage\":\"fr-FR\"},{\"@type\":\"Organization\",\"@id\":\"https:\/\/greenwichmeridien.fr\/blog\/#organization\",\"name\":\"Greenwich M\u00e9ridien\",\"alternateName\":\"Greenwich M\u00e9ridien\",\"url\":\"https:\/\/greenwichmeridien.fr\/blog\/\",\"logo\":{\"@type\":\"ImageObject\",\"inLanguage\":\"fr-FR\",\"@id\":\"https:\/\/greenwichmeridien.fr\/blog\/#\/schema\/logo\/image\/\",\"url\":\"https:\/\/greenwichmeridien.fr\/blog\/wp-content\/uploads\/2024\/12\/greenwichmeridien.png\",\"contentUrl\":\"https:\/\/greenwichmeridien.fr\/blog\/wp-content\/uploads\/2024\/12\/greenwichmeridien.png\",\"width\":500,\"height\":500,\"caption\":\"Greenwich M\u00e9ridien\"},\"image\":{\"@id\":\"https:\/\/greenwichmeridien.fr\/blog\/#\/schema\/logo\/image\/\"}},{\"@type\":\"Person\",\"@id\":\"https:\/\/greenwichmeridien.fr\/blog\/#\/schema\/person\/3c864cdc320801e3db34b663e7e3f816\",\"name\":\"Samuel Chalmin\",\"image\":{\"@type\":\"ImageObject\",\"inLanguage\":\"fr-FR\",\"@id\":\"https:\/\/greenwichmeridien.fr\/blog\/#\/schema\/person\/image\/\",\"url\":\"https:\/\/secure.gravatar.com\/avatar\/cef3677de7d237273d13053728f9470818581a8a27d9bf6f5039fd18508a905f?s=96&d=mm&r=g\",\"contentUrl\":\"https:\/\/secure.gravatar.com\/avatar\/cef3677de7d237273d13053728f9470818581a8a27d9bf6f5039fd18508a905f?s=96&d=mm&r=g\",\"caption\":\"Samuel Chalmin\"},\"description\":\"R\u00e9dacteur du site, il suit les questions de temps et de calendrier : m\u00e9ridien de Greenwich, heure GMT et UTC, fuseaux horaires, changement d'heure, ann\u00e9es bissextiles et jours f\u00e9ri\u00e9s.\",\"sameAs\":[\"https:\/\/samuelchalmin.fr\/\"],\"url\":\"https:\/\/greenwichmeridien.fr\/blog\/auteur\/noname\/\"}]}<\/script>\n<!-- \/ Yoast SEO Premium plugin. -->","yoast_head_json":{"title":"Combien de jours f\u00e9ri\u00e9s en France, et lesquels ?","description":"La France m\u00e9tropolitaine compte 11 jours f\u00e9ri\u00e9s l\u00e9gaux, fix\u00e9s par l'article L3133-1 du Code du travail : 1er janvier, lundi de P\u00e2ques, 1er mai, 8 mai,","robots":{"index":"index","follow":"follow","max-snippet":"max-snippet:-1","max-image-preview":"max-image-preview:large","max-video-preview":"max-video-preview:-1"},"canonical":"https:\/\/greenwichmeridien.fr\/blog\/histoire-et-culture\/heure-et-calendrier\/combien-de-jours-feries-en-france\/","og_locale":"fr_FR","og_type":"article","og_title":"Combien de jours f\u00e9ri\u00e9s en France, et lesquels ?","og_description":"La France m\u00e9tropolitaine compte 11 jours f\u00e9ri\u00e9s l\u00e9gaux, fix\u00e9s par l'article L3133-1 du Code du travail : 1er janvier, lundi de P\u00e2ques, 1er mai, 8 mai,","og_url":"https:\/\/greenwichmeridien.fr\/blog\/histoire-et-culture\/heure-et-calendrier\/combien-de-jours-feries-en-france\/","og_site_name":"greenwichmeridien","author":"Samuel Chalmin","twitter_card":"summary_large_image","schema":{"@context":"https:\/\/schema.org","@graph":[{"@type":"NewsArticle","@id":"https:\/\/greenwichmeridien.fr\/blog\/histoire-et-culture\/heure-et-calendrier\/combien-de-jours-feries-en-france\/#article","isPartOf":{"@id":"https:\/\/greenwichmeridien.fr\/blog\/histoire-et-culture\/heure-et-calendrier\/combien-de-jours-feries-en-france\/"},"author":{"name":"Samuel Chalmin","@id":"https:\/\/greenwichmeridien.fr\/blog\/#\/schema\/person\/3c864cdc320801e3db34b663e7e3f816"},"headline":"Combien de jours f\u00e9ri\u00e9s en France, et lesquels ?","datePublished":"2026-07-16T16:06:06+00:00","mainEntityOfPage":{"@id":"https:\/\/greenwichmeridien.fr\/blog\/histoire-et-culture\/heure-et-calendrier\/combien-de-jours-feries-en-france\/"},"wordCount":518,"commentCount":0,"publisher":{"@id":"https:\/\/greenwichmeridien.fr\/blog\/#organization"},"image":{"@id":"https:\/\/greenwichmeridien.fr\/blog\/histoire-et-culture\/heure-et-calendrier\/combien-de-jours-feries-en-france\/#primaryimage"},"thumbnailUrl":"https:\/\/images.pexels.com\/photos\/30732699\/pexels-photo-30732699.jpeg?auto=compress&cs=tinysrgb&fit=crop&h=627&w=1200","articleSection":["L'heure &amp; le calendrier"],"inLanguage":"fr-FR","potentialAction":[{"@type":"CommentAction","name":"Comment","target":["https:\/\/greenwichmeridien.fr\/blog\/histoire-et-culture\/heure-et-calendrier\/combien-de-jours-feries-en-france\/#respond"]}]},{"@type":"WebPage","@id":"https:\/\/greenwichmeridien.fr\/blog\/histoire-et-culture\/heure-et-calendrier\/combien-de-jours-feries-en-france\/","url":"https:\/\/greenwichmeridien.fr\/blog\/histoire-et-culture\/heure-et-calendrier\/combien-de-jours-feries-en-france\/","name":"Combien de jours f\u00e9ri\u00e9s en France, et lesquels ?","isPartOf":{"@id":"https:\/\/greenwichmeridien.fr\/blog\/#website"},"primaryImageOfPage":{"@id":"https:\/\/greenwichmeridien.fr\/blog\/histoire-et-culture\/heure-et-calendrier\/combien-de-jours-feries-en-france\/#primaryimage"},"image":{"@id":"https:\/\/greenwichmeridien.fr\/blog\/histoire-et-culture\/heure-et-calendrier\/combien-de-jours-feries-en-france\/#primaryimage"},"thumbnailUrl":"https:\/\/images.pexels.com\/photos\/30732699\/pexels-photo-30732699.jpeg?auto=compress&cs=tinysrgb&fit=crop&h=627&w=1200","datePublished":"2026-07-16T16:06:06+00:00","description":"La France m\u00e9tropolitaine compte 11 jours f\u00e9ri\u00e9s l\u00e9gaux, fix\u00e9s par l'article L3133-1 du Code du travail : 1er janvier, lundi de P\u00e2ques, 1er mai, 8 mai,","inLanguage":"fr-FR","potentialAction":[{"@type":"ReadAction","target":["https:\/\/greenwichmeridien.fr\/blog\/histoire-et-culture\/heure-et-calendrier\/combien-de-jours-feries-en-france\/"]}]},{"@type":"ImageObject","inLanguage":"fr-FR","@id":"https:\/\/greenwichmeridien.fr\/blog\/histoire-et-culture\/heure-et-calendrier\/combien-de-jours-feries-en-france\/#primaryimage","url":"https:\/\/images.pexels.com\/photos\/30732699\/pexels-photo-30732699.jpeg?auto=compress&cs=tinysrgb&fit=crop&h=627&w=1200","contentUrl":"https:\/\/images.pexels.com\/photos\/30732699\/pexels-photo-30732699.jpeg?auto=compress&cs=tinysrgb&fit=crop&h=627&w=1200"},{"@type":"WebSite","@id":"https:\/\/greenwichmeridien.fr\/blog\/#website","url":"https:\/\/greenwichmeridien.fr\/blog\/","name":"Greenwich M\u00e9ridien","description":"Greenwich M\u00e9ridien, le rep\u00e8re du temps et du voyage","publisher":{"@id":"https:\/\/greenwichmeridien.fr\/blog\/#organization"},"alternateName":"Greenwich M\u00e9ridien, le rep\u00e8re du temps et du voyage","potentialAction":[{"@type":"SearchAction","target":{"@type":"EntryPoint","urlTemplate":"https:\/\/greenwichmeridien.fr\/blog\/?s={search_term_string}"},"query-input":{"@type":"PropertyValueSpecification","valueRequired":true,"valueName":"search_term_string"}}],"inLanguage":"fr-FR"},{"@type":"Organization","@id":"https:\/\/greenwichmeridien.fr\/blog\/#organization","name":"Greenwich M\u00e9ridien","alternateName":"Greenwich M\u00e9ridien","url":"https:\/\/greenwichmeridien.fr\/blog\/","logo":{"@type":"ImageObject","inLanguage":"fr-FR","@id":"https:\/\/greenwichmeridien.fr\/blog\/#\/schema\/logo\/image\/","url":"https:\/\/greenwichmeridien.fr\/blog\/wp-content\/uploads\/2024\/12\/greenwichmeridien.png","contentUrl":"https:\/\/greenwichmeridien.fr\/blog\/wp-content\/uploads\/2024\/12\/greenwichmeridien.png","width":500,"height":500,"caption":"Greenwich M\u00e9ridien"},"image":{"@id":"https:\/\/greenwichmeridien.fr\/blog\/#\/schema\/logo\/image\/"}},{"@type":"Person","@id":"https:\/\/greenwichmeridien.fr\/blog\/#\/schema\/person\/3c864cdc320801e3db34b663e7e3f816","name":"Samuel Chalmin","image":{"@type":"ImageObject","inLanguage":"fr-FR","@id":"https:\/\/greenwichmeridien.fr\/blog\/#\/schema\/person\/image\/","url":"https:\/\/secure.gravatar.com\/avatar\/cef3677de7d237273d13053728f9470818581a8a27d9bf6f5039fd18508a905f?s=96&d=mm&r=g","contentUrl":"https:\/\/secure.gravatar.com\/avatar\/cef3677de7d237273d13053728f9470818581a8a27d9bf6f5039fd18508a905f?s=96&d=mm&r=g","caption":"Samuel Chalmin"},"description":"R\u00e9dacteur du site, il suit les questions de temps et de calendrier : m\u00e9ridien de Greenwich, heure GMT et UTC, fuseaux horaires, changement d'heure, ann\u00e9es bissextiles et jours f\u00e9ri\u00e9s.","sameAs":["https:\/\/samuelchalmin.fr\/"],"url":"https:\/\/greenwichmeridien.fr\/blog\/auteur\/noname\/"}]}},"_links":{"self":[{"href":"https:\/\/greenwichmeridien.fr\/blog\/wp-json\/wp\/v2\/posts\/7843","targetHints":{"allow":["GET"]}}],"collection":[{"href":"https:\/\/greenwichmeridien.fr\/blog\/wp-json\/wp\/v2\/posts"}],"about":[{"href":"https:\/\/greenwichmeridien.fr\/blog\/wp-json\/wp\/v2\/types\/post"}],"author":[{"embeddable":true,"href":"https:\/\/greenwichmeridien.fr\/blog\/wp-json\/wp\/v2\/users\/34"}],"replies":[{"embeddable":true,"href":"https:\/\/greenwichmeridien.fr\/blog\/wp-json\/wp\/v2\/comments?post=7843"}],"version-history":[{"count":0,"href":"https:\/\/greenwichmeridien.fr\/blog\/wp-json\/wp\/v2\/posts\/7843\/revisions"}],"wp:attachment":[{"href":"https:\/\/greenwichmeridien.fr\/blog\/wp-json\/wp\/v2\/media?parent=7843"}],"wp:term":[{"taxonomy":"category","embeddable":true,"href":"https:\/\/greenwichmeridien.fr\/blog\/wp-json\/wp\/v2\/categories?post=7843"},{"taxonomy":"post_tag","embeddable":true,"href":"https:\/\/greenwichmeridien.fr\/blog\/wp-json\/wp\/v2\/tags?post=7843"}],"curies":[{"name":"wp","href":"https:\/\/api.w.org\/{rel}","templated":true}]}}