{"id":7844,"date":"2026-07-16T18:06:11","date_gmt":"2026-07-16T16:06:11","guid":{"rendered":"https:\/\/greenwichmeridien.fr\/blog\/histoire-et-culture\/heure-et-calendrier\/les-jours-feries-sont-ils-payes\/"},"modified":"2026-07-16T18:06:11","modified_gmt":"2026-07-16T16:06:11","slug":"les-jours-feries-sont-ils-payes","status":"publish","type":"post","link":"https:\/\/greenwichmeridien.fr\/blog\/histoire-et-culture\/heure-et-calendrier\/les-jours-feries-sont-ils-payes\/","title":{"rendered":"Les jours f\u00e9ri\u00e9s sont-ils pay\u00e9s ? Ce que dit le Code du travail"},"content":{"rendered":"<p><strong>Un seul jour f\u00e9ri\u00e9 est obligatoirement ch\u00f4m\u00e9 ET pay\u00e9 pour tous les salari\u00e9s : le 1er mai (article L3133-4 du Code du travail). Pour les dix autres, un f\u00e9ri\u00e9 ch\u00f4m\u00e9 est pay\u00e9 normalement d\u00e8s 3 mois d&rsquo;anciennet\u00e9, et un f\u00e9ri\u00e9 travaill\u00e9 est pay\u00e9 sans majoration l\u00e9gale \u2014 sauf convention collective plus favorable.<\/strong><\/p>\n<p>C&rsquo;est l&rsquo;une des id\u00e9es re\u00e7ues les plus tenaces du droit du travail : non, un jour f\u00e9ri\u00e9 travaill\u00e9 n&rsquo;est pas automatiquement \u00ab pay\u00e9 double \u00bb. Voici ce que dit r\u00e9ellement la loi.<\/p>\n<h2>Ce que pr\u00e9voit le Code du travail, cas par cas<\/h2>\n<table>\n<thead>\n<tr>\n<th>Situation<\/th>\n<th>R\u00e8gle l\u00e9gale<\/th>\n<\/tr>\n<\/thead>\n<tbody>\n<tr>\n<td>1er mai ch\u00f4m\u00e9<\/td>\n<td>Pay\u00e9 int\u00e9gralement, sans condition d&rsquo;anciennet\u00e9<\/td>\n<\/tr>\n<tr>\n<td>1er mai travaill\u00e9 (secteurs autoris\u00e9s)<\/td>\n<td>Salaire <strong>doubl\u00e9<\/strong> : indemnit\u00e9 \u00e9gale au salaire de la journ\u00e9e (L3133-6)<\/td>\n<\/tr>\n<tr>\n<td>Autre f\u00e9ri\u00e9 ch\u00f4m\u00e9<\/td>\n<td>Maintien du salaire si le salari\u00e9 a au moins 3 mois d&rsquo;anciennet\u00e9 (L3133-3)<\/td>\n<\/tr>\n<tr>\n<td>Autre f\u00e9ri\u00e9 travaill\u00e9<\/td>\n<td>Pay\u00e9 normalement : <strong>aucune majoration l\u00e9gale<\/strong> \u2014 voir la convention collective<\/td>\n<\/tr>\n<\/tbody>\n<\/table>\n<p>Beaucoup de conventions collectives (h\u00f4tellerie-restauration, commerce, m\u00e9tallurgie\u2026) sont plus g\u00e9n\u00e9reuses que la loi et pr\u00e9voient majoration ou repos compensateur pour les f\u00e9ri\u00e9s travaill\u00e9s : le r\u00e9flexe utile est de v\u00e9rifier la convention indiqu\u00e9e sur votre bulletin de paie.<\/p>\n<h2>Le cas particulier de la journ\u00e9e de solidarit\u00e9<\/h2>\n<p>Depuis 2004, chaque salari\u00e9 effectue une journ\u00e9e de travail suppl\u00e9mentaire non r\u00e9mun\u00e9r\u00e9e par an, destin\u00e9e \u00e0 financer l&rsquo;autonomie des personnes \u00e2g\u00e9es et handicap\u00e9es. Beaucoup d&rsquo;entreprises la positionnent sur le lundi de Pentec\u00f4te \u2014 c&rsquo;est pourquoi ce f\u00e9ri\u00e9 est travaill\u00e9 ici et ch\u00f4m\u00e9 l\u00e0. Si vous travaillez ce jour-l\u00e0 au titre de la journ\u00e9e de solidarit\u00e9, vous n&rsquo;\u00eates pas pay\u00e9 en plus (dans la limite de 7 heures) : c&rsquo;est l\u00e9gal.<\/p>\n<h2>F\u00e9ri\u00e9s, cong\u00e9s et cas particuliers<\/h2>\n<p>Un jour f\u00e9ri\u00e9 ch\u00f4m\u00e9 qui tombe pendant vos cong\u00e9s pay\u00e9s n&rsquo;est pas d\u00e9compt\u00e9 de vos cong\u00e9s (vous \u00ab r\u00e9cup\u00e9rez \u00bb ce jour). S&rsquo;il tombe un jour de repos habituel (samedi, dimanche pour la plupart), il ne donne droit \u00e0 rien : ni rattrapage ni indemnit\u00e9, sauf accord plus favorable. Les salari\u00e9s \u00e0 temps partiel suivent les m\u00eames r\u00e8gles, au prorata de leur planning.<\/p>\n<p>Pour toute situation individuelle (anciennet\u00e9, secteur, heures de nuit), la r\u00e9f\u00e9rence fiable reste service-public.fr et votre convention collective \u2014 en cas de litige, l&rsquo;inspection du travail peut vous renseigner gratuitement.<\/p>\n<details>\n<summary>Quels jours f\u00e9ri\u00e9s sont pay\u00e9s ?<\/summary>\n<p>Tous les f\u00e9ri\u00e9s ch\u00f4m\u00e9s sont pay\u00e9s d\u00e8s lors que vous avez 3 mois d&rsquo;anciennet\u00e9 (et le 1er mai sans condition). La question n&rsquo;est donc pas \u00ab lequel est pay\u00e9 \u00bb mais \u00ab lequel est ch\u00f4m\u00e9 \u00bb : cela d\u00e9pend de votre entreprise, sauf le 1er mai.<\/p>\n<\/details>\n<details>\n<summary>Mon employeur peut-il m&rsquo;obliger \u00e0 travailler un jour f\u00e9ri\u00e9 ?<\/summary>\n<p>Oui, pour les 10 f\u00e9ri\u00e9s ordinaires, si l&rsquo;accord d&rsquo;entreprise ou l&rsquo;usage le pr\u00e9voit : refuser peut constituer une absence irr\u00e9guli\u00e8re. Seul le 1er mai est obligatoirement ch\u00f4m\u00e9, hors secteurs \u00e0 activit\u00e9 continue.<\/p>\n<\/details>\n<details>\n<summary>Un f\u00e9ri\u00e9 travaill\u00e9 est-il pay\u00e9 double ?<\/summary>\n<p>L\u00e9galement, non \u2014 seul le 1er mai l&rsquo;est. Toute majoration pour les autres f\u00e9ri\u00e9s vient de la convention collective, d&rsquo;un accord d&rsquo;entreprise ou du contrat.<\/p>\n<\/details>\n<details>\n<summary>Les moins de 3 mois d&rsquo;anciennet\u00e9 perdent-ils leur salaire un f\u00e9ri\u00e9 ch\u00f4m\u00e9 ?<\/summary>\n<p>La garantie l\u00e9gale de maintien de salaire (L3133-3) suppose 3 mois d&rsquo;anciennet\u00e9, mais la plupart des conventions collectives maintiennent le salaire sans condition. L\u00e0 encore, le texte applicable \u00e0 votre branche prime.<\/p>\n<\/details>\n<h2>\u00c0 lire aussi<\/h2>\n<ul>\n<li><a href=\"https:\/\/greenwichmeridien.fr\/blog\/histoire-et-culture\/heure-et-calendrier\/heure-et-calendrier-questions\/\">L&rsquo;heure et le calendrier en questions : le sommaire complet<\/a><\/li>\n<li><a href=\"https:\/\/greenwichmeridien.fr\/blog\/histoire-et-culture\/heure-et-calendrier\/combien-de-jours-feries-en-france\/\">Combien de jours f\u00e9ri\u00e9s en France, et lesquels ?<\/a><\/li>\n<li><a href=\"https:\/\/greenwichmeridien.fr\/blog\/histoire-et-culture\/heure-et-calendrier\/numero-de-semaine-quelle-est-la-semaine-1\/\">Num\u00e9ro de semaine : quelle est la semaine 1 de l&rsquo;ann\u00e9e ?<\/a><\/li>\n<\/ul>\n","protected":false},"excerpt":{"rendered":"","protected":false},"author":34,"featured_media":999999999,"comment_status":"open","ping_status":"open","sticky":false,"template":"","format":"standard","meta":{"_acf_changed":false,"manual_indexmenow":false,"indexmenow_id_project":0,"footnotes":""},"categories":[4824],"tags":[],"class_list":["post-7844","post","type-post","status-publish","format-standard","has-post-thumbnail","hentry","category-heure-et-calendrier","generate-columns","tablet-grid-50","mobile-grid-100","grid-parent","grid-25"],"acf":[],"yoast_head":"<!-- This site is optimized with the Yoast SEO Premium plugin v21.3 (Yoast SEO v25.6) - https:\/\/yoast.com\/wordpress\/plugins\/seo\/ -->\n<title>Les jours f\u00e9ri\u00e9s sont-ils pay\u00e9s ? Ce que dit le Code du travail<\/title>\n<meta name=\"description\" content=\"Un seul jour f\u00e9ri\u00e9 est obligatoirement ch\u00f4m\u00e9 ET pay\u00e9 pour tous les salari\u00e9s : le 1er mai (article L3133-4 du Code du travail). Pour les dix autres, un\" \/>\n<meta name=\"robots\" content=\"index, follow, max-snippet:-1, max-image-preview:large, max-video-preview:-1\" \/>\n<link rel=\"canonical\" href=\"https:\/\/greenwichmeridien.fr\/blog\/histoire-et-culture\/heure-et-calendrier\/les-jours-feries-sont-ils-payes\/\" \/>\n<meta property=\"og:locale\" content=\"fr_FR\" \/>\n<meta property=\"og:type\" content=\"article\" \/>\n<meta property=\"og:title\" content=\"Les jours f\u00e9ri\u00e9s sont-ils pay\u00e9s ? Ce que dit le Code du travail\" \/>\n<meta property=\"og:description\" content=\"Un seul jour f\u00e9ri\u00e9 est obligatoirement ch\u00f4m\u00e9 ET pay\u00e9 pour tous les salari\u00e9s : le 1er mai (article L3133-4 du Code du travail). Pour les dix autres, un\" \/>\n<meta property=\"og:url\" content=\"https:\/\/greenwichmeridien.fr\/blog\/histoire-et-culture\/heure-et-calendrier\/les-jours-feries-sont-ils-payes\/\" \/>\n<meta property=\"og:site_name\" content=\"greenwichmeridien\" \/>\n<meta name=\"author\" content=\"Samuel Chalmin\" \/>\n<meta name=\"twitter:card\" content=\"summary_large_image\" \/>\n<script type=\"application\/ld+json\" class=\"yoast-schema-graph\">{\"@context\":\"https:\/\/schema.org\",\"@graph\":[{\"@type\":\"NewsArticle\",\"@id\":\"https:\/\/greenwichmeridien.fr\/blog\/histoire-et-culture\/heure-et-calendrier\/les-jours-feries-sont-ils-payes\/#article\",\"isPartOf\":{\"@id\":\"https:\/\/greenwichmeridien.fr\/blog\/histoire-et-culture\/heure-et-calendrier\/les-jours-feries-sont-ils-payes\/\"},\"author\":{\"name\":\"Samuel Chalmin\",\"@id\":\"https:\/\/greenwichmeridien.fr\/blog\/#\/schema\/person\/3c864cdc320801e3db34b663e7e3f816\"},\"headline\":\"Les jours f\u00e9ri\u00e9s sont-ils pay\u00e9s ? Ce que dit le Code du travail\",\"datePublished\":\"2026-07-16T16:06:11+00:00\",\"mainEntityOfPage\":{\"@id\":\"https:\/\/greenwichmeridien.fr\/blog\/histoire-et-culture\/heure-et-calendrier\/les-jours-feries-sont-ils-payes\/\"},\"wordCount\":664,\"commentCount\":0,\"publisher\":{\"@id\":\"https:\/\/greenwichmeridien.fr\/blog\/#organization\"},\"image\":{\"@id\":\"https:\/\/greenwichmeridien.fr\/blog\/histoire-et-culture\/heure-et-calendrier\/les-jours-feries-sont-ils-payes\/#primaryimage\"},\"thumbnailUrl\":\"https:\/\/images.pexels.com\/photos\/6487199\/pexels-photo-6487199.jpeg?auto=compress&cs=tinysrgb&fit=crop&h=627&w=1200\",\"articleSection\":[\"L'heure &amp; le calendrier\"],\"inLanguage\":\"fr-FR\",\"potentialAction\":[{\"@type\":\"CommentAction\",\"name\":\"Comment\",\"target\":[\"https:\/\/greenwichmeridien.fr\/blog\/histoire-et-culture\/heure-et-calendrier\/les-jours-feries-sont-ils-payes\/#respond\"]}]},{\"@type\":\"WebPage\",\"@id\":\"https:\/\/greenwichmeridien.fr\/blog\/histoire-et-culture\/heure-et-calendrier\/les-jours-feries-sont-ils-payes\/\",\"url\":\"https:\/\/greenwichmeridien.fr\/blog\/histoire-et-culture\/heure-et-calendrier\/les-jours-feries-sont-ils-payes\/\",\"name\":\"Les jours f\u00e9ri\u00e9s sont-ils pay\u00e9s ? Ce que dit le Code du travail\",\"isPartOf\":{\"@id\":\"https:\/\/greenwichmeridien.fr\/blog\/#website\"},\"primaryImageOfPage\":{\"@id\":\"https:\/\/greenwichmeridien.fr\/blog\/histoire-et-culture\/heure-et-calendrier\/les-jours-feries-sont-ils-payes\/#primaryimage\"},\"image\":{\"@id\":\"https:\/\/greenwichmeridien.fr\/blog\/histoire-et-culture\/heure-et-calendrier\/les-jours-feries-sont-ils-payes\/#primaryimage\"},\"thumbnailUrl\":\"https:\/\/images.pexels.com\/photos\/6487199\/pexels-photo-6487199.jpeg?auto=compress&cs=tinysrgb&fit=crop&h=627&w=1200\",\"datePublished\":\"2026-07-16T16:06:11+00:00\",\"description\":\"Un seul jour f\u00e9ri\u00e9 est obligatoirement ch\u00f4m\u00e9 ET pay\u00e9 pour tous les salari\u00e9s : le 1er mai (article L3133-4 du Code du travail). Pour les dix autres, un\",\"inLanguage\":\"fr-FR\",\"potentialAction\":[{\"@type\":\"ReadAction\",\"target\":[\"https:\/\/greenwichmeridien.fr\/blog\/histoire-et-culture\/heure-et-calendrier\/les-jours-feries-sont-ils-payes\/\"]}]},{\"@type\":\"ImageObject\",\"inLanguage\":\"fr-FR\",\"@id\":\"https:\/\/greenwichmeridien.fr\/blog\/histoire-et-culture\/heure-et-calendrier\/les-jours-feries-sont-ils-payes\/#primaryimage\",\"url\":\"https:\/\/images.pexels.com\/photos\/6487199\/pexels-photo-6487199.jpeg?auto=compress&cs=tinysrgb&fit=crop&h=627&w=1200\",\"contentUrl\":\"https:\/\/images.pexels.com\/photos\/6487199\/pexels-photo-6487199.jpeg?auto=compress&cs=tinysrgb&fit=crop&h=627&w=1200\"},{\"@type\":\"WebSite\",\"@id\":\"https:\/\/greenwichmeridien.fr\/blog\/#website\",\"url\":\"https:\/\/greenwichmeridien.fr\/blog\/\",\"name\":\"Greenwich M\u00e9ridien\",\"description\":\"Greenwich M\u00e9ridien, le rep\u00e8re du temps et du voyage\",\"publisher\":{\"@id\":\"https:\/\/greenwichmeridien.fr\/blog\/#organization\"},\"alternateName\":\"Greenwich M\u00e9ridien, le rep\u00e8re du temps et du voyage\",\"potentialAction\":[{\"@type\":\"SearchAction\",\"target\":{\"@type\":\"EntryPoint\",\"urlTemplate\":\"https:\/\/greenwichmeridien.fr\/blog\/?s={search_term_string}\"},\"query-input\":{\"@type\":\"PropertyValueSpecification\",\"valueRequired\":true,\"valueName\":\"search_term_string\"}}],\"inLanguage\":\"fr-FR\"},{\"@type\":\"Organization\",\"@id\":\"https:\/\/greenwichmeridien.fr\/blog\/#organization\",\"name\":\"Greenwich M\u00e9ridien\",\"alternateName\":\"Greenwich M\u00e9ridien\",\"url\":\"https:\/\/greenwichmeridien.fr\/blog\/\",\"logo\":{\"@type\":\"ImageObject\",\"inLanguage\":\"fr-FR\",\"@id\":\"https:\/\/greenwichmeridien.fr\/blog\/#\/schema\/logo\/image\/\",\"url\":\"https:\/\/greenwichmeridien.fr\/blog\/wp-content\/uploads\/2024\/12\/greenwichmeridien.png\",\"contentUrl\":\"https:\/\/greenwichmeridien.fr\/blog\/wp-content\/uploads\/2024\/12\/greenwichmeridien.png\",\"width\":500,\"height\":500,\"caption\":\"Greenwich M\u00e9ridien\"},\"image\":{\"@id\":\"https:\/\/greenwichmeridien.fr\/blog\/#\/schema\/logo\/image\/\"}},{\"@type\":\"Person\",\"@id\":\"https:\/\/greenwichmeridien.fr\/blog\/#\/schema\/person\/3c864cdc320801e3db34b663e7e3f816\",\"name\":\"Samuel Chalmin\",\"image\":{\"@type\":\"ImageObject\",\"inLanguage\":\"fr-FR\",\"@id\":\"https:\/\/greenwichmeridien.fr\/blog\/#\/schema\/person\/image\/\",\"url\":\"https:\/\/secure.gravatar.com\/avatar\/cef3677de7d237273d13053728f9470818581a8a27d9bf6f5039fd18508a905f?s=96&d=mm&r=g\",\"contentUrl\":\"https:\/\/secure.gravatar.com\/avatar\/cef3677de7d237273d13053728f9470818581a8a27d9bf6f5039fd18508a905f?s=96&d=mm&r=g\",\"caption\":\"Samuel Chalmin\"},\"description\":\"R\u00e9dacteur du site, il suit les questions de temps et de calendrier : m\u00e9ridien de Greenwich, heure GMT et UTC, fuseaux horaires, changement d'heure, ann\u00e9es bissextiles et jours f\u00e9ri\u00e9s.\",\"sameAs\":[\"https:\/\/samuelchalmin.fr\/\"],\"url\":\"https:\/\/greenwichmeridien.fr\/blog\/auteur\/noname\/\"}]}<\/script>\n<!-- \/ Yoast SEO Premium plugin. -->","yoast_head_json":{"title":"Les jours f\u00e9ri\u00e9s sont-ils pay\u00e9s ? Ce que dit le Code du travail","description":"Un seul jour f\u00e9ri\u00e9 est obligatoirement ch\u00f4m\u00e9 ET pay\u00e9 pour tous les salari\u00e9s : le 1er mai (article L3133-4 du Code du travail). Pour les dix autres, un","robots":{"index":"index","follow":"follow","max-snippet":"max-snippet:-1","max-image-preview":"max-image-preview:large","max-video-preview":"max-video-preview:-1"},"canonical":"https:\/\/greenwichmeridien.fr\/blog\/histoire-et-culture\/heure-et-calendrier\/les-jours-feries-sont-ils-payes\/","og_locale":"fr_FR","og_type":"article","og_title":"Les jours f\u00e9ri\u00e9s sont-ils pay\u00e9s ? Ce que dit le Code du travail","og_description":"Un seul jour f\u00e9ri\u00e9 est obligatoirement ch\u00f4m\u00e9 ET pay\u00e9 pour tous les salari\u00e9s : le 1er mai (article L3133-4 du Code du travail). Pour les dix autres, un","og_url":"https:\/\/greenwichmeridien.fr\/blog\/histoire-et-culture\/heure-et-calendrier\/les-jours-feries-sont-ils-payes\/","og_site_name":"greenwichmeridien","author":"Samuel Chalmin","twitter_card":"summary_large_image","schema":{"@context":"https:\/\/schema.org","@graph":[{"@type":"NewsArticle","@id":"https:\/\/greenwichmeridien.fr\/blog\/histoire-et-culture\/heure-et-calendrier\/les-jours-feries-sont-ils-payes\/#article","isPartOf":{"@id":"https:\/\/greenwichmeridien.fr\/blog\/histoire-et-culture\/heure-et-calendrier\/les-jours-feries-sont-ils-payes\/"},"author":{"name":"Samuel Chalmin","@id":"https:\/\/greenwichmeridien.fr\/blog\/#\/schema\/person\/3c864cdc320801e3db34b663e7e3f816"},"headline":"Les jours f\u00e9ri\u00e9s sont-ils pay\u00e9s ? Ce que dit le Code du travail","datePublished":"2026-07-16T16:06:11+00:00","mainEntityOfPage":{"@id":"https:\/\/greenwichmeridien.fr\/blog\/histoire-et-culture\/heure-et-calendrier\/les-jours-feries-sont-ils-payes\/"},"wordCount":664,"commentCount":0,"publisher":{"@id":"https:\/\/greenwichmeridien.fr\/blog\/#organization"},"image":{"@id":"https:\/\/greenwichmeridien.fr\/blog\/histoire-et-culture\/heure-et-calendrier\/les-jours-feries-sont-ils-payes\/#primaryimage"},"thumbnailUrl":"https:\/\/images.pexels.com\/photos\/6487199\/pexels-photo-6487199.jpeg?auto=compress&cs=tinysrgb&fit=crop&h=627&w=1200","articleSection":["L'heure &amp; le calendrier"],"inLanguage":"fr-FR","potentialAction":[{"@type":"CommentAction","name":"Comment","target":["https:\/\/greenwichmeridien.fr\/blog\/histoire-et-culture\/heure-et-calendrier\/les-jours-feries-sont-ils-payes\/#respond"]}]},{"@type":"WebPage","@id":"https:\/\/greenwichmeridien.fr\/blog\/histoire-et-culture\/heure-et-calendrier\/les-jours-feries-sont-ils-payes\/","url":"https:\/\/greenwichmeridien.fr\/blog\/histoire-et-culture\/heure-et-calendrier\/les-jours-feries-sont-ils-payes\/","name":"Les jours f\u00e9ri\u00e9s sont-ils pay\u00e9s ? Ce que dit le Code du travail","isPartOf":{"@id":"https:\/\/greenwichmeridien.fr\/blog\/#website"},"primaryImageOfPage":{"@id":"https:\/\/greenwichmeridien.fr\/blog\/histoire-et-culture\/heure-et-calendrier\/les-jours-feries-sont-ils-payes\/#primaryimage"},"image":{"@id":"https:\/\/greenwichmeridien.fr\/blog\/histoire-et-culture\/heure-et-calendrier\/les-jours-feries-sont-ils-payes\/#primaryimage"},"thumbnailUrl":"https:\/\/images.pexels.com\/photos\/6487199\/pexels-photo-6487199.jpeg?auto=compress&cs=tinysrgb&fit=crop&h=627&w=1200","datePublished":"2026-07-16T16:06:11+00:00","description":"Un seul jour f\u00e9ri\u00e9 est obligatoirement ch\u00f4m\u00e9 ET pay\u00e9 pour tous les salari\u00e9s : le 1er mai (article L3133-4 du Code du travail). Pour les dix autres, un","inLanguage":"fr-FR","potentialAction":[{"@type":"ReadAction","target":["https:\/\/greenwichmeridien.fr\/blog\/histoire-et-culture\/heure-et-calendrier\/les-jours-feries-sont-ils-payes\/"]}]},{"@type":"ImageObject","inLanguage":"fr-FR","@id":"https:\/\/greenwichmeridien.fr\/blog\/histoire-et-culture\/heure-et-calendrier\/les-jours-feries-sont-ils-payes\/#primaryimage","url":"https:\/\/images.pexels.com\/photos\/6487199\/pexels-photo-6487199.jpeg?auto=compress&cs=tinysrgb&fit=crop&h=627&w=1200","contentUrl":"https:\/\/images.pexels.com\/photos\/6487199\/pexels-photo-6487199.jpeg?auto=compress&cs=tinysrgb&fit=crop&h=627&w=1200"},{"@type":"WebSite","@id":"https:\/\/greenwichmeridien.fr\/blog\/#website","url":"https:\/\/greenwichmeridien.fr\/blog\/","name":"Greenwich M\u00e9ridien","description":"Greenwich M\u00e9ridien, le rep\u00e8re du temps et du voyage","publisher":{"@id":"https:\/\/greenwichmeridien.fr\/blog\/#organization"},"alternateName":"Greenwich M\u00e9ridien, le rep\u00e8re du temps et du voyage","potentialAction":[{"@type":"SearchAction","target":{"@type":"EntryPoint","urlTemplate":"https:\/\/greenwichmeridien.fr\/blog\/?s={search_term_string}"},"query-input":{"@type":"PropertyValueSpecification","valueRequired":true,"valueName":"search_term_string"}}],"inLanguage":"fr-FR"},{"@type":"Organization","@id":"https:\/\/greenwichmeridien.fr\/blog\/#organization","name":"Greenwich M\u00e9ridien","alternateName":"Greenwich M\u00e9ridien","url":"https:\/\/greenwichmeridien.fr\/blog\/","logo":{"@type":"ImageObject","inLanguage":"fr-FR","@id":"https:\/\/greenwichmeridien.fr\/blog\/#\/schema\/logo\/image\/","url":"https:\/\/greenwichmeridien.fr\/blog\/wp-content\/uploads\/2024\/12\/greenwichmeridien.png","contentUrl":"https:\/\/greenwichmeridien.fr\/blog\/wp-content\/uploads\/2024\/12\/greenwichmeridien.png","width":500,"height":500,"caption":"Greenwich M\u00e9ridien"},"image":{"@id":"https:\/\/greenwichmeridien.fr\/blog\/#\/schema\/logo\/image\/"}},{"@type":"Person","@id":"https:\/\/greenwichmeridien.fr\/blog\/#\/schema\/person\/3c864cdc320801e3db34b663e7e3f816","name":"Samuel Chalmin","image":{"@type":"ImageObject","inLanguage":"fr-FR","@id":"https:\/\/greenwichmeridien.fr\/blog\/#\/schema\/person\/image\/","url":"https:\/\/secure.gravatar.com\/avatar\/cef3677de7d237273d13053728f9470818581a8a27d9bf6f5039fd18508a905f?s=96&d=mm&r=g","contentUrl":"https:\/\/secure.gravatar.com\/avatar\/cef3677de7d237273d13053728f9470818581a8a27d9bf6f5039fd18508a905f?s=96&d=mm&r=g","caption":"Samuel Chalmin"},"description":"R\u00e9dacteur du site, il suit les questions de temps et de calendrier : m\u00e9ridien de Greenwich, heure GMT et UTC, fuseaux horaires, changement d'heure, ann\u00e9es bissextiles et jours f\u00e9ri\u00e9s.","sameAs":["https:\/\/samuelchalmin.fr\/"],"url":"https:\/\/greenwichmeridien.fr\/blog\/auteur\/noname\/"}]}},"_links":{"self":[{"href":"https:\/\/greenwichmeridien.fr\/blog\/wp-json\/wp\/v2\/posts\/7844","targetHints":{"allow":["GET"]}}],"collection":[{"href":"https:\/\/greenwichmeridien.fr\/blog\/wp-json\/wp\/v2\/posts"}],"about":[{"href":"https:\/\/greenwichmeridien.fr\/blog\/wp-json\/wp\/v2\/types\/post"}],"author":[{"embeddable":true,"href":"https:\/\/greenwichmeridien.fr\/blog\/wp-json\/wp\/v2\/users\/34"}],"replies":[{"embeddable":true,"href":"https:\/\/greenwichmeridien.fr\/blog\/wp-json\/wp\/v2\/comments?post=7844"}],"version-history":[{"count":0,"href":"https:\/\/greenwichmeridien.fr\/blog\/wp-json\/wp\/v2\/posts\/7844\/revisions"}],"wp:attachment":[{"href":"https:\/\/greenwichmeridien.fr\/blog\/wp-json\/wp\/v2\/media?parent=7844"}],"wp:term":[{"taxonomy":"category","embeddable":true,"href":"https:\/\/greenwichmeridien.fr\/blog\/wp-json\/wp\/v2\/categories?post=7844"},{"taxonomy":"post_tag","embeddable":true,"href":"https:\/\/greenwichmeridien.fr\/blog\/wp-json\/wp\/v2\/tags?post=7844"}],"curies":[{"name":"wp","href":"https:\/\/api.w.org\/{rel}","templated":true}]}}