{"id":7845,"date":"2026-07-16T18:06:17","date_gmt":"2026-07-16T16:06:17","guid":{"rendered":"https:\/\/greenwichmeridien.fr\/blog\/histoire-et-culture\/heure-et-calendrier\/solstice-et-equinoxe-quelle-difference\/"},"modified":"2026-07-16T18:06:17","modified_gmt":"2026-07-16T16:06:17","slug":"solstice-et-equinoxe-quelle-difference","status":"publish","type":"post","link":"https:\/\/greenwichmeridien.fr\/blog\/histoire-et-culture\/heure-et-calendrier\/solstice-et-equinoxe-quelle-difference\/","title":{"rendered":"Solstice et \u00e9quinoxe : quelle diff\u00e9rence, et \u00e0 quelles dates ?"},"content":{"rendered":"<p><strong>Le solstice est le jour o\u00f9 la dur\u00e9e du jour est extr\u00eame \u2014 la plus longue en juin, la plus courte en d\u00e9cembre. L&rsquo;\u00e9quinoxe est le moment o\u00f9 jour et nuit durent quasiment le m\u00eame temps, en mars et en septembre. En 2026 : \u00e9quinoxe de printemps le 20 mars, solstice d&rsquo;\u00e9t\u00e9 le 21 juin, \u00e9quinoxe d&rsquo;automne le 23 septembre, solstice d&rsquo;hiver le 21 d\u00e9cembre.<\/strong><\/p>\n<p>Ces quatre dates marquent le d\u00e9but officiel des saisons astronomiques. Elles ne tombent pas toujours le 21 du mois \u2014 contrairement \u00e0 une id\u00e9e tr\u00e8s r\u00e9pandue.<\/p>\n<h2>Les quatre saisons 2026 en un tableau<\/h2>\n<table>\n<thead>\n<tr>\n<th>\u00c9v\u00e9nement<\/th>\n<th>Date 2026 (heure de Paris, IMCCE)<\/th>\n<th>Ce qui se passe<\/th>\n<\/tr>\n<\/thead>\n<tbody>\n<tr>\n<td>\u00c9quinoxe de printemps<\/td>\n<td>vendredi 20 mars<\/td>\n<td>Jour \u2248 nuit, le soleil se l\u00e8ve plein est<\/td>\n<\/tr>\n<tr>\n<td>Solstice d&rsquo;\u00e9t\u00e9<\/td>\n<td>dimanche 21 juin<\/td>\n<td>Jour le plus long de l&rsquo;ann\u00e9e (\u2248 16 h de jour \u00e0 Paris)<\/td>\n<\/tr>\n<tr>\n<td>\u00c9quinoxe d&rsquo;automne<\/td>\n<td>mercredi 23 septembre<\/td>\n<td>Jour \u2248 nuit, les nuits reprennent l&rsquo;avantage<\/td>\n<\/tr>\n<tr>\n<td>Solstice d&rsquo;hiver<\/td>\n<td>lundi 21 d\u00e9cembre<\/td>\n<td>Jour le plus court (\u2248 8 h de jour \u00e0 Paris)<\/td>\n<\/tr>\n<\/tbody>\n<\/table>\n<h2>Ce qui distingue vraiment solstice et \u00e9quinoxe<\/h2>\n<p>Tout vient de l&rsquo;inclinaison de la Terre (environ 23,4\u00b0) sur son orbite. Au <strong>solstice<\/strong> (du latin <em>sol stitium<\/em>, \u00ab soleil arr\u00eat\u00e9 \u00bb), l&rsquo;un des h\u00e9misph\u00e8res est inclin\u00e9 au maximum vers le Soleil : celui-ci culmine au plus haut (\u00e9t\u00e9) ou au plus bas (hiver) dans le ciel, et semble \u00ab faire une pause \u00bb avant de repartir dans l&rsquo;autre sens. \u00c0 l&rsquo;<strong>\u00e9quinoxe<\/strong> (<em>aequa nox<\/em>, \u00ab nuit \u00e9gale \u00bb), le Soleil passe exactement au-dessus de l&rsquo;\u00e9quateur : toute la plan\u00e8te a droit \u00e0 environ 12 heures de jour, et le soleil se l\u00e8ve plein est et se couche plein ouest \u2014 jour id\u00e9al pour rep\u00e9rer les points cardinaux depuis chez soi.<\/p>\n<p>Dans l&rsquo;h\u00e9misph\u00e8re sud, tout est invers\u00e9 : notre solstice d&rsquo;\u00e9t\u00e9 est leur solstice d&rsquo;hiver, et No\u00ebl s&rsquo;y f\u00eate en plein \u00e9t\u00e9.<\/p>\n<h2>Pourquoi les dates changent d&rsquo;une ann\u00e9e \u00e0 l&rsquo;autre<\/h2>\n<p>Parce que l&rsquo;ann\u00e9e astronomique dure 365,2422 jours et non 365 : l&rsquo;instant pr\u00e9cis de chaque solstice et \u00e9quinoxe glisse d&rsquo;environ 6 heures par an, puis \u00ab saute \u00bb en arri\u00e8re d&rsquo;un jour \u00e0 chaque ann\u00e9e bissextile. R\u00e9sultat : l&rsquo;\u00e9quinoxe de printemps oscille entre le 19 et le 21 mars, le solstice d&rsquo;\u00e9t\u00e9 entre le 20 et le 22 juin. Le \u00ab 21 \u00bb n&rsquo;est qu&rsquo;une habitude, pas une r\u00e8gle.<\/p>\n<details>\n<summary>Quel est le jour le plus long de l&rsquo;ann\u00e9e ?<\/summary>\n<p>Le solstice de juin \u2014 le 21 juin en 2026. \u00c0 Paris, le soleil reste lev\u00e9 environ 16 heures ; plus on monte vers le nord, plus la journ\u00e9e s&rsquo;\u00e9tire (jour permanent au-del\u00e0 du cercle polaire).<\/p>\n<\/details>\n<details>\n<summary>Le solstice d&rsquo;\u00e9t\u00e9 est-il le jour le plus chaud ?<\/summary>\n<p>Non. Le pic de chaleur arrive en g\u00e9n\u00e9ral 4 \u00e0 6 semaines plus tard (mi-juillet \u00e0 d\u00e9but ao\u00fbt) : oc\u00e9ans et sols continuent d&rsquo;accumuler de la chaleur apr\u00e8s le maximum d&rsquo;ensoleillement. M\u00eame d\u00e9calage en hiver : le plus froid tombe en janvier-f\u00e9vrier, pas au solstice.<\/p>\n<\/details>\n<details>\n<summary>Pourquoi la m\u00e9t\u00e9o fait-elle commencer l&rsquo;\u00e9t\u00e9 le 1er juin ?<\/summary>\n<p>Les climatologues utilisent des saisons \u00ab m\u00e9t\u00e9orologiques \u00bb align\u00e9es sur les mois pleins (\u00e9t\u00e9 = juin-juillet-ao\u00fbt), plus pratiques pour les statistiques. Les saisons astronomiques, elles, commencent aux solstices et \u00e9quinoxes.<\/p>\n<\/details>\n<details>\n<summary>La f\u00eate de la musique tombe-t-elle toujours le jour du solstice ?<\/summary>\n<p>Presque : elle est fix\u00e9e au 21 juin, qui co\u00efncide la plupart du temps avec le solstice d&rsquo;\u00e9t\u00e9 \u2014 mais celui-ci peut tomber le 20 ou le 22 selon les ann\u00e9es.<\/p>\n<\/details>\n<h2>\u00c0 lire aussi<\/h2>\n<ul>\n<li><a href=\"https:\/\/greenwichmeridien.fr\/blog\/histoire-et-culture\/heure-et-calendrier\/heure-et-calendrier-questions\/\">L&rsquo;heure et le calendrier en questions : le sommaire complet<\/a><\/li>\n<li><a href=\"https:\/\/greenwichmeridien.fr\/blog\/histoire-et-culture\/heure-et-calendrier\/annee-bissextile-quand-est-la-prochaine\/\">Ann\u00e9e bissextile : c&rsquo;est quoi, et quand est la prochaine ?<\/a><\/li>\n<li><a href=\"https:\/\/greenwichmeridien.fr\/blog\/histoire-et-culture\/heure-et-calendrier\/pourquoi-le-midi-solaire-nest-pas-a-midi\/\">Pourquoi le midi solaire n&rsquo;est-il pas \u00e0 midi ?<\/a><\/li>\n<\/ul>\n","protected":false},"excerpt":{"rendered":"","protected":false},"author":34,"featured_media":999999999,"comment_status":"open","ping_status":"open","sticky":false,"template":"","format":"standard","meta":{"_acf_changed":false,"manual_indexmenow":false,"indexmenow_id_project":0,"footnotes":""},"categories":[4824],"tags":[],"class_list":["post-7845","post","type-post","status-publish","format-standard","has-post-thumbnail","hentry","category-heure-et-calendrier","generate-columns","tablet-grid-50","mobile-grid-100","grid-parent","grid-25"],"acf":[],"yoast_head":"<!-- This site is optimized with the Yoast SEO Premium plugin v21.3 (Yoast SEO v25.6) - https:\/\/yoast.com\/wordpress\/plugins\/seo\/ -->\n<title>Solstice et \u00e9quinoxe 2026 : les dates des quatre saisons<\/title>\n<meta name=\"description\" content=\"\u00c9quinoxe d&#039;automne le mercredi 23 septembre 2026, solstice d&#039;hiver le lundi 21 d\u00e9cembre (dates IMCCE). Ce qui distingue vraiment un solstice d&#039;un \u00e9quinoxe.\" \/>\n<meta name=\"robots\" content=\"index, follow, max-snippet:-1, max-image-preview:large, max-video-preview:-1\" \/>\n<link rel=\"canonical\" href=\"https:\/\/greenwichmeridien.fr\/blog\/histoire-et-culture\/heure-et-calendrier\/solstice-et-equinoxe-quelle-difference\/\" \/>\n<meta property=\"og:locale\" content=\"fr_FR\" \/>\n<meta property=\"og:type\" content=\"article\" \/>\n<meta property=\"og:title\" content=\"Solstice et \u00e9quinoxe 2026 : les dates des quatre saisons\" \/>\n<meta property=\"og:description\" content=\"\u00c9quinoxe d&#039;automne le mercredi 23 septembre 2026, solstice d&#039;hiver le lundi 21 d\u00e9cembre (dates IMCCE). Ce qui distingue vraiment un solstice d&#039;un \u00e9quinoxe.\" \/>\n<meta property=\"og:url\" content=\"https:\/\/greenwichmeridien.fr\/blog\/histoire-et-culture\/heure-et-calendrier\/solstice-et-equinoxe-quelle-difference\/\" \/>\n<meta property=\"og:site_name\" content=\"greenwichmeridien\" \/>\n<meta name=\"author\" content=\"Samuel Chalmin\" \/>\n<meta name=\"twitter:card\" content=\"summary_large_image\" \/>\n<script type=\"application\/ld+json\" class=\"yoast-schema-graph\">{\"@context\":\"https:\/\/schema.org\",\"@graph\":[{\"@type\":\"NewsArticle\",\"@id\":\"https:\/\/greenwichmeridien.fr\/blog\/histoire-et-culture\/heure-et-calendrier\/solstice-et-equinoxe-quelle-difference\/#article\",\"isPartOf\":{\"@id\":\"https:\/\/greenwichmeridien.fr\/blog\/histoire-et-culture\/heure-et-calendrier\/solstice-et-equinoxe-quelle-difference\/\"},\"author\":{\"name\":\"Samuel Chalmin\",\"@id\":\"https:\/\/greenwichmeridien.fr\/blog\/#\/schema\/person\/3c864cdc320801e3db34b663e7e3f816\"},\"headline\":\"Solstice et \u00e9quinoxe : quelle diff\u00e9rence, et \u00e0 quelles dates ?\",\"datePublished\":\"2026-07-16T16:06:17+00:00\",\"mainEntityOfPage\":{\"@id\":\"https:\/\/greenwichmeridien.fr\/blog\/histoire-et-culture\/heure-et-calendrier\/solstice-et-equinoxe-quelle-difference\/\"},\"wordCount\":618,\"commentCount\":0,\"publisher\":{\"@id\":\"https:\/\/greenwichmeridien.fr\/blog\/#organization\"},\"image\":{\"@id\":\"https:\/\/greenwichmeridien.fr\/blog\/histoire-et-culture\/heure-et-calendrier\/solstice-et-equinoxe-quelle-difference\/#primaryimage\"},\"thumbnailUrl\":\"https:\/\/images.pexels.com\/photos\/37187250\/pexels-photo-37187250.jpeg?auto=compress&cs=tinysrgb&fit=crop&h=627&w=1200\",\"articleSection\":[\"L'heure &amp; le calendrier\"],\"inLanguage\":\"fr-FR\",\"potentialAction\":[{\"@type\":\"CommentAction\",\"name\":\"Comment\",\"target\":[\"https:\/\/greenwichmeridien.fr\/blog\/histoire-et-culture\/heure-et-calendrier\/solstice-et-equinoxe-quelle-difference\/#respond\"]}]},{\"@type\":\"WebPage\",\"@id\":\"https:\/\/greenwichmeridien.fr\/blog\/histoire-et-culture\/heure-et-calendrier\/solstice-et-equinoxe-quelle-difference\/\",\"url\":\"https:\/\/greenwichmeridien.fr\/blog\/histoire-et-culture\/heure-et-calendrier\/solstice-et-equinoxe-quelle-difference\/\",\"name\":\"Solstice et \u00e9quinoxe 2026 : les dates des quatre saisons\",\"isPartOf\":{\"@id\":\"https:\/\/greenwichmeridien.fr\/blog\/#website\"},\"primaryImageOfPage\":{\"@id\":\"https:\/\/greenwichmeridien.fr\/blog\/histoire-et-culture\/heure-et-calendrier\/solstice-et-equinoxe-quelle-difference\/#primaryimage\"},\"image\":{\"@id\":\"https:\/\/greenwichmeridien.fr\/blog\/histoire-et-culture\/heure-et-calendrier\/solstice-et-equinoxe-quelle-difference\/#primaryimage\"},\"thumbnailUrl\":\"https:\/\/images.pexels.com\/photos\/37187250\/pexels-photo-37187250.jpeg?auto=compress&cs=tinysrgb&fit=crop&h=627&w=1200\",\"datePublished\":\"2026-07-16T16:06:17+00:00\",\"description\":\"\u00c9quinoxe d'automne le mercredi 23 septembre 2026, solstice d'hiver le lundi 21 d\u00e9cembre (dates IMCCE). Ce qui distingue vraiment un solstice d'un \u00e9quinoxe.\",\"inLanguage\":\"fr-FR\",\"potentialAction\":[{\"@type\":\"ReadAction\",\"target\":[\"https:\/\/greenwichmeridien.fr\/blog\/histoire-et-culture\/heure-et-calendrier\/solstice-et-equinoxe-quelle-difference\/\"]}]},{\"@type\":\"ImageObject\",\"inLanguage\":\"fr-FR\",\"@id\":\"https:\/\/greenwichmeridien.fr\/blog\/histoire-et-culture\/heure-et-calendrier\/solstice-et-equinoxe-quelle-difference\/#primaryimage\",\"url\":\"https:\/\/images.pexels.com\/photos\/37187250\/pexels-photo-37187250.jpeg?auto=compress&cs=tinysrgb&fit=crop&h=627&w=1200\",\"contentUrl\":\"https:\/\/images.pexels.com\/photos\/37187250\/pexels-photo-37187250.jpeg?auto=compress&cs=tinysrgb&fit=crop&h=627&w=1200\"},{\"@type\":\"WebSite\",\"@id\":\"https:\/\/greenwichmeridien.fr\/blog\/#website\",\"url\":\"https:\/\/greenwichmeridien.fr\/blog\/\",\"name\":\"Greenwich M\u00e9ridien\",\"description\":\"Greenwich M\u00e9ridien, le rep\u00e8re du temps et du voyage\",\"publisher\":{\"@id\":\"https:\/\/greenwichmeridien.fr\/blog\/#organization\"},\"alternateName\":\"Greenwich M\u00e9ridien, le rep\u00e8re du temps et du voyage\",\"potentialAction\":[{\"@type\":\"SearchAction\",\"target\":{\"@type\":\"EntryPoint\",\"urlTemplate\":\"https:\/\/greenwichmeridien.fr\/blog\/?s={search_term_string}\"},\"query-input\":{\"@type\":\"PropertyValueSpecification\",\"valueRequired\":true,\"valueName\":\"search_term_string\"}}],\"inLanguage\":\"fr-FR\"},{\"@type\":\"Organization\",\"@id\":\"https:\/\/greenwichmeridien.fr\/blog\/#organization\",\"name\":\"Greenwich M\u00e9ridien\",\"alternateName\":\"Greenwich M\u00e9ridien\",\"url\":\"https:\/\/greenwichmeridien.fr\/blog\/\",\"logo\":{\"@type\":\"ImageObject\",\"inLanguage\":\"fr-FR\",\"@id\":\"https:\/\/greenwichmeridien.fr\/blog\/#\/schema\/logo\/image\/\",\"url\":\"https:\/\/greenwichmeridien.fr\/blog\/wp-content\/uploads\/2024\/12\/greenwichmeridien.png\",\"contentUrl\":\"https:\/\/greenwichmeridien.fr\/blog\/wp-content\/uploads\/2024\/12\/greenwichmeridien.png\",\"width\":500,\"height\":500,\"caption\":\"Greenwich M\u00e9ridien\"},\"image\":{\"@id\":\"https:\/\/greenwichmeridien.fr\/blog\/#\/schema\/logo\/image\/\"}},{\"@type\":\"Person\",\"@id\":\"https:\/\/greenwichmeridien.fr\/blog\/#\/schema\/person\/3c864cdc320801e3db34b663e7e3f816\",\"name\":\"Samuel Chalmin\",\"image\":{\"@type\":\"ImageObject\",\"inLanguage\":\"fr-FR\",\"@id\":\"https:\/\/greenwichmeridien.fr\/blog\/#\/schema\/person\/image\/\",\"url\":\"https:\/\/secure.gravatar.com\/avatar\/cef3677de7d237273d13053728f9470818581a8a27d9bf6f5039fd18508a905f?s=96&d=mm&r=g\",\"contentUrl\":\"https:\/\/secure.gravatar.com\/avatar\/cef3677de7d237273d13053728f9470818581a8a27d9bf6f5039fd18508a905f?s=96&d=mm&r=g\",\"caption\":\"Samuel Chalmin\"},\"description\":\"R\u00e9dacteur du site, il suit les questions de temps et de calendrier : m\u00e9ridien de Greenwich, heure GMT et UTC, fuseaux horaires, changement d'heure, ann\u00e9es bissextiles et jours f\u00e9ri\u00e9s.\",\"sameAs\":[\"https:\/\/samuelchalmin.fr\/\"],\"url\":\"https:\/\/greenwichmeridien.fr\/blog\/auteur\/noname\/\"}]}<\/script>\n<!-- \/ Yoast SEO Premium plugin. -->","yoast_head_json":{"title":"Solstice et \u00e9quinoxe 2026 : les dates des quatre saisons","description":"\u00c9quinoxe d'automne le mercredi 23 septembre 2026, solstice d'hiver le lundi 21 d\u00e9cembre (dates IMCCE). Ce qui distingue vraiment un solstice d'un \u00e9quinoxe.","robots":{"index":"index","follow":"follow","max-snippet":"max-snippet:-1","max-image-preview":"max-image-preview:large","max-video-preview":"max-video-preview:-1"},"canonical":"https:\/\/greenwichmeridien.fr\/blog\/histoire-et-culture\/heure-et-calendrier\/solstice-et-equinoxe-quelle-difference\/","og_locale":"fr_FR","og_type":"article","og_title":"Solstice et \u00e9quinoxe 2026 : les dates des quatre saisons","og_description":"\u00c9quinoxe d'automne le mercredi 23 septembre 2026, solstice d'hiver le lundi 21 d\u00e9cembre (dates IMCCE). Ce qui distingue vraiment un solstice d'un \u00e9quinoxe.","og_url":"https:\/\/greenwichmeridien.fr\/blog\/histoire-et-culture\/heure-et-calendrier\/solstice-et-equinoxe-quelle-difference\/","og_site_name":"greenwichmeridien","author":"Samuel Chalmin","twitter_card":"summary_large_image","schema":{"@context":"https:\/\/schema.org","@graph":[{"@type":"NewsArticle","@id":"https:\/\/greenwichmeridien.fr\/blog\/histoire-et-culture\/heure-et-calendrier\/solstice-et-equinoxe-quelle-difference\/#article","isPartOf":{"@id":"https:\/\/greenwichmeridien.fr\/blog\/histoire-et-culture\/heure-et-calendrier\/solstice-et-equinoxe-quelle-difference\/"},"author":{"name":"Samuel Chalmin","@id":"https:\/\/greenwichmeridien.fr\/blog\/#\/schema\/person\/3c864cdc320801e3db34b663e7e3f816"},"headline":"Solstice et \u00e9quinoxe : quelle diff\u00e9rence, et \u00e0 quelles dates ?","datePublished":"2026-07-16T16:06:17+00:00","mainEntityOfPage":{"@id":"https:\/\/greenwichmeridien.fr\/blog\/histoire-et-culture\/heure-et-calendrier\/solstice-et-equinoxe-quelle-difference\/"},"wordCount":618,"commentCount":0,"publisher":{"@id":"https:\/\/greenwichmeridien.fr\/blog\/#organization"},"image":{"@id":"https:\/\/greenwichmeridien.fr\/blog\/histoire-et-culture\/heure-et-calendrier\/solstice-et-equinoxe-quelle-difference\/#primaryimage"},"thumbnailUrl":"https:\/\/images.pexels.com\/photos\/37187250\/pexels-photo-37187250.jpeg?auto=compress&cs=tinysrgb&fit=crop&h=627&w=1200","articleSection":["L'heure &amp; le calendrier"],"inLanguage":"fr-FR","potentialAction":[{"@type":"CommentAction","name":"Comment","target":["https:\/\/greenwichmeridien.fr\/blog\/histoire-et-culture\/heure-et-calendrier\/solstice-et-equinoxe-quelle-difference\/#respond"]}]},{"@type":"WebPage","@id":"https:\/\/greenwichmeridien.fr\/blog\/histoire-et-culture\/heure-et-calendrier\/solstice-et-equinoxe-quelle-difference\/","url":"https:\/\/greenwichmeridien.fr\/blog\/histoire-et-culture\/heure-et-calendrier\/solstice-et-equinoxe-quelle-difference\/","name":"Solstice et \u00e9quinoxe 2026 : les dates des quatre saisons","isPartOf":{"@id":"https:\/\/greenwichmeridien.fr\/blog\/#website"},"primaryImageOfPage":{"@id":"https:\/\/greenwichmeridien.fr\/blog\/histoire-et-culture\/heure-et-calendrier\/solstice-et-equinoxe-quelle-difference\/#primaryimage"},"image":{"@id":"https:\/\/greenwichmeridien.fr\/blog\/histoire-et-culture\/heure-et-calendrier\/solstice-et-equinoxe-quelle-difference\/#primaryimage"},"thumbnailUrl":"https:\/\/images.pexels.com\/photos\/37187250\/pexels-photo-37187250.jpeg?auto=compress&cs=tinysrgb&fit=crop&h=627&w=1200","datePublished":"2026-07-16T16:06:17+00:00","description":"\u00c9quinoxe d'automne le mercredi 23 septembre 2026, solstice d'hiver le lundi 21 d\u00e9cembre (dates IMCCE). Ce qui distingue vraiment un solstice d'un \u00e9quinoxe.","inLanguage":"fr-FR","potentialAction":[{"@type":"ReadAction","target":["https:\/\/greenwichmeridien.fr\/blog\/histoire-et-culture\/heure-et-calendrier\/solstice-et-equinoxe-quelle-difference\/"]}]},{"@type":"ImageObject","inLanguage":"fr-FR","@id":"https:\/\/greenwichmeridien.fr\/blog\/histoire-et-culture\/heure-et-calendrier\/solstice-et-equinoxe-quelle-difference\/#primaryimage","url":"https:\/\/images.pexels.com\/photos\/37187250\/pexels-photo-37187250.jpeg?auto=compress&cs=tinysrgb&fit=crop&h=627&w=1200","contentUrl":"https:\/\/images.pexels.com\/photos\/37187250\/pexels-photo-37187250.jpeg?auto=compress&cs=tinysrgb&fit=crop&h=627&w=1200"},{"@type":"WebSite","@id":"https:\/\/greenwichmeridien.fr\/blog\/#website","url":"https:\/\/greenwichmeridien.fr\/blog\/","name":"Greenwich M\u00e9ridien","description":"Greenwich M\u00e9ridien, le rep\u00e8re du temps et du voyage","publisher":{"@id":"https:\/\/greenwichmeridien.fr\/blog\/#organization"},"alternateName":"Greenwich M\u00e9ridien, le rep\u00e8re du temps et du voyage","potentialAction":[{"@type":"SearchAction","target":{"@type":"EntryPoint","urlTemplate":"https:\/\/greenwichmeridien.fr\/blog\/?s={search_term_string}"},"query-input":{"@type":"PropertyValueSpecification","valueRequired":true,"valueName":"search_term_string"}}],"inLanguage":"fr-FR"},{"@type":"Organization","@id":"https:\/\/greenwichmeridien.fr\/blog\/#organization","name":"Greenwich M\u00e9ridien","alternateName":"Greenwich M\u00e9ridien","url":"https:\/\/greenwichmeridien.fr\/blog\/","logo":{"@type":"ImageObject","inLanguage":"fr-FR","@id":"https:\/\/greenwichmeridien.fr\/blog\/#\/schema\/logo\/image\/","url":"https:\/\/greenwichmeridien.fr\/blog\/wp-content\/uploads\/2024\/12\/greenwichmeridien.png","contentUrl":"https:\/\/greenwichmeridien.fr\/blog\/wp-content\/uploads\/2024\/12\/greenwichmeridien.png","width":500,"height":500,"caption":"Greenwich M\u00e9ridien"},"image":{"@id":"https:\/\/greenwichmeridien.fr\/blog\/#\/schema\/logo\/image\/"}},{"@type":"Person","@id":"https:\/\/greenwichmeridien.fr\/blog\/#\/schema\/person\/3c864cdc320801e3db34b663e7e3f816","name":"Samuel Chalmin","image":{"@type":"ImageObject","inLanguage":"fr-FR","@id":"https:\/\/greenwichmeridien.fr\/blog\/#\/schema\/person\/image\/","url":"https:\/\/secure.gravatar.com\/avatar\/cef3677de7d237273d13053728f9470818581a8a27d9bf6f5039fd18508a905f?s=96&d=mm&r=g","contentUrl":"https:\/\/secure.gravatar.com\/avatar\/cef3677de7d237273d13053728f9470818581a8a27d9bf6f5039fd18508a905f?s=96&d=mm&r=g","caption":"Samuel Chalmin"},"description":"R\u00e9dacteur du site, il suit les questions de temps et de calendrier : m\u00e9ridien de Greenwich, heure GMT et UTC, fuseaux horaires, changement d'heure, ann\u00e9es bissextiles et jours f\u00e9ri\u00e9s.","sameAs":["https:\/\/samuelchalmin.fr\/"],"url":"https:\/\/greenwichmeridien.fr\/blog\/auteur\/noname\/"}]}},"_links":{"self":[{"href":"https:\/\/greenwichmeridien.fr\/blog\/wp-json\/wp\/v2\/posts\/7845","targetHints":{"allow":["GET"]}}],"collection":[{"href":"https:\/\/greenwichmeridien.fr\/blog\/wp-json\/wp\/v2\/posts"}],"about":[{"href":"https:\/\/greenwichmeridien.fr\/blog\/wp-json\/wp\/v2\/types\/post"}],"author":[{"embeddable":true,"href":"https:\/\/greenwichmeridien.fr\/blog\/wp-json\/wp\/v2\/users\/34"}],"replies":[{"embeddable":true,"href":"https:\/\/greenwichmeridien.fr\/blog\/wp-json\/wp\/v2\/comments?post=7845"}],"version-history":[{"count":0,"href":"https:\/\/greenwichmeridien.fr\/blog\/wp-json\/wp\/v2\/posts\/7845\/revisions"}],"wp:attachment":[{"href":"https:\/\/greenwichmeridien.fr\/blog\/wp-json\/wp\/v2\/media?parent=7845"}],"wp:term":[{"taxonomy":"category","embeddable":true,"href":"https:\/\/greenwichmeridien.fr\/blog\/wp-json\/wp\/v2\/categories?post=7845"},{"taxonomy":"post_tag","embeddable":true,"href":"https:\/\/greenwichmeridien.fr\/blog\/wp-json\/wp\/v2\/tags?post=7845"}],"curies":[{"name":"wp","href":"https:\/\/api.w.org\/{rel}","templated":true}]}}