{"id":7846,"date":"2026-07-16T18:06:21","date_gmt":"2026-07-16T16:06:21","guid":{"rendered":"https:\/\/greenwichmeridien.fr\/blog\/histoire-et-culture\/heure-et-calendrier\/pourquoi-des-fuseaux-horaires\/"},"modified":"2026-07-16T18:06:21","modified_gmt":"2026-07-16T16:06:21","slug":"pourquoi-des-fuseaux-horaires","status":"publish","type":"post","link":"https:\/\/greenwichmeridien.fr\/blog\/histoire-et-culture\/heure-et-calendrier\/pourquoi-des-fuseaux-horaires\/","title":{"rendered":"Pourquoi y a-t-il des fuseaux horaires ?"},"content":{"rendered":"<p><strong>Les fuseaux horaires existent pour que midi corresponde \u00e0 peu pr\u00e8s, partout, au moment o\u00f9 le soleil est au plus haut. La Terre tourne sur elle-m\u00eame en 24 heures, soit 360\u00b0 : on l&rsquo;a donc d\u00e9coup\u00e9e en 24 bandes de 15\u00b0 de longitude, chacune d\u00e9cal\u00e9e d&rsquo;une heure, \u00e0 partir du m\u00e9ridien de Greenwich choisi comme r\u00e9f\u00e9rence en 1884.<\/strong><\/p>\n<p>Avant cela, chaque ville vivait \u00e0 son heure solaire locale : il \u00e9tait midi \u00e0 Paris quand il \u00e9tait 11 h 40 \u00e0 Brest. Tant qu&rsquo;on voyageait \u00e0 cheval, personne ne s&rsquo;en souciait. C&rsquo;est le chemin de fer qui a rendu le syst\u00e8me intenable \u2014 impossible d&rsquo;\u00e9crire un horaire de train quand chaque gare a sa propre heure. Les compagnies ferroviaires imposent d&rsquo;abord des heures nationales, puis la conf\u00e9rence internationale de Washington (1884) choisit le m\u00e9ridien de l&rsquo;observatoire de Greenwich comme m\u00e9ridien d&rsquo;origine du syst\u00e8me mondial.<\/p>\n<h2>La th\u00e9orie : 24 fuseaux. La r\u00e9alit\u00e9 : beaucoup plus<\/h2>\n<p>Les fronti\u00e8res des fuseaux suivent rarement les m\u00e9ridiens : les \u00c9tats les tordent pour des raisons politiques, \u00e9conomiques ou pratiques. R\u00e9sultat : le monde compte aujourd&rsquo;hui une quarantaine d&rsquo;heures l\u00e9gales diff\u00e9rentes, dont des d\u00e9calages en demi-heure et m\u00eame en trois quarts d&rsquo;heure.<\/p>\n<table>\n<thead>\n<tr>\n<th>Pays \/ territoire<\/th>\n<th>D\u00e9calage<\/th>\n<th>Particularit\u00e9<\/th>\n<\/tr>\n<\/thead>\n<tbody>\n<tr>\n<td>Inde<\/td>\n<td>UTC+5 h 30<\/td>\n<td>Un seul fuseau \u00ab \u00e0 cheval \u00bb, compromis historique entre l&rsquo;est et l&rsquo;ouest du pays<\/td>\n<\/tr>\n<tr>\n<td>N\u00e9pal<\/td>\n<td>UTC+5 h 45<\/td>\n<td>Le seul d\u00e9calage en trois quarts d&rsquo;heure avec les \u00eeles Chatham (UTC+12 h 45)<\/td>\n<\/tr>\n<tr>\n<td>Chine<\/td>\n<td>UTC+8<\/td>\n<td>Un fuseau unique depuis 1949 pour 5 fuseaux g\u00e9ographiques<\/td>\n<\/tr>\n<tr>\n<td>France (avec l&rsquo;outre-mer)<\/td>\n<td>de UTC\u221210 \u00e0 UTC+12<\/td>\n<td>12 fuseaux : le record mondial, devant les \u00c9tats-Unis et la Russie (11)<\/td>\n<\/tr>\n<\/tbody>\n<\/table>\n<h2>La Chine, cas d&rsquo;\u00e9cole du fuseau politique<\/h2>\n<p>La Chine s&rsquo;\u00e9tend sur environ 5 000 km d&rsquo;est en ouest \u2014 l&rsquo;\u00e9quivalent de 5 fuseaux \u2014 mais vit enti\u00e8rement \u00e0 l&rsquo;heure de P\u00e9kin depuis 1949, par volont\u00e9 d&rsquo;unit\u00e9 nationale. Cons\u00e9quence pour les habitants du Xinjiang, \u00e0 l&rsquo;extr\u00eame ouest : en \u00e9t\u00e9, le soleil peut se coucher vers minuit \u00e0 la montre. La vie locale s&rsquo;adapte en d\u00e9calant tout simplement les horaires de travail, et une \u00ab heure du Xinjiang \u00bb officieuse (UTC+6) circule en parall\u00e8le.<\/p>\n<p>L&rsquo;Inde a fait le choix inverse du d\u00e9coupage : plut\u00f4t que de trancher entre Calcutta et Bombay, elle a plac\u00e9 tout le pays sur la moyenne des deux \u2014 d&rsquo;o\u00f9 cet \u00e9tonnant +5 h 30 qui d\u00e9route tous les voyageurs.<\/p>\n<details>\n<summary>Combien y a-t-il de fuseaux horaires dans le monde ?<\/summary>\n<p>24 en th\u00e9orie, mais environ 38 heures l\u00e9gales diff\u00e9rentes en pratique, en comptant les d\u00e9calages en demi-heure et en trois quarts d&rsquo;heure ainsi que les heures d&rsquo;\u00e9t\u00e9.<\/p>\n<\/details>\n<details>\n<summary>Quel pays poss\u00e8de le plus de fuseaux horaires ?<\/summary>\n<p>La France, avec 12 fuseaux gr\u00e2ce \u00e0 ses territoires d&rsquo;outre-mer, de la Polyn\u00e9sie (UTC\u221210) \u00e0 Wallis-et-Futuna (UTC+12). Les \u00c9tats-Unis et la Russie en comptent 11.<\/p>\n<\/details>\n<details>\n<summary>Quel pays a 12 heures de d\u00e9calage avec la France ?<\/summary>\n<p>Aucun ne l&rsquo;a toute l&rsquo;ann\u00e9e, \u00e0 cause de nos changements d&rsquo;heure. En hiver fran\u00e7ais, la Nouvelle-Z\u00e9lande (UTC+13 en \u00e9t\u00e9 austral) a 12 h d&rsquo;avance sur Paris ; en \u00e9t\u00e9 fran\u00e7ais, ce sont plut\u00f4t les \u00eeles du Pacifique comme Fidji ou les \u00eeles Gilbert qui s&rsquo;en approchent.<\/p>\n<\/details>\n<details>\n<summary>C&rsquo;est quoi la ligne de changement de date ?<\/summary>\n<p>La ligne, trac\u00e9e vers le 180\u1d49 m\u00e9ridien dans le Pacifique, o\u00f9 l&rsquo;on change de jour : en la franchissant vers l&rsquo;ouest on saute un jour, vers l&rsquo;est on le revit. Elle zigzague pour \u00e9viter de couper les archipels en deux dates.<\/p>\n<\/details>\n<h2>\u00c0 lire aussi<\/h2>\n<ul>\n<li><a href=\"https:\/\/greenwichmeridien.fr\/blog\/histoire-et-culture\/heure-et-calendrier\/heure-et-calendrier-questions\/\">L&rsquo;heure et le calendrier en questions : le sommaire complet<\/a><\/li>\n<li><a href=\"https:\/\/greenwichmeridien.fr\/blog\/histoire-et-culture\/heure-et-calendrier\/difference-entre-utc-et-gmt\/\">Quelle est la diff\u00e9rence entre UTC et GMT ?<\/a><\/li>\n<li><a href=\"https:\/\/greenwichmeridien.fr\/blog\/histoire-et-culture\/heure-et-calendrier\/quelle-est-lheure-gmt-en-france\/\">Quelle est l&rsquo;heure GMT en France ?<\/a><\/li>\n<li><a href=\"https:\/\/greenwichmeridien.fr\/blog\/histoire-et-culture\/heure-et-calendrier\/quand-change-t-on-dheure-dates-2026-2027\/\">Quand change-t-on d&rsquo;heure ? Dates 2026 et 2027<\/a><\/li>\n<\/ul>\n","protected":false},"excerpt":{"rendered":"","protected":false},"author":34,"featured_media":999999999,"comment_status":"open","ping_status":"open","sticky":false,"template":"","format":"standard","meta":{"_acf_changed":false,"manual_indexmenow":false,"indexmenow_id_project":0,"footnotes":""},"categories":[4824],"tags":[],"class_list":["post-7846","post","type-post","status-publish","format-standard","has-post-thumbnail","hentry","category-heure-et-calendrier","generate-columns","tablet-grid-50","mobile-grid-100","grid-parent","grid-25"],"acf":[],"yoast_head":"<!-- This site is optimized with the Yoast SEO Premium plugin v21.3 (Yoast SEO v25.6) - https:\/\/yoast.com\/wordpress\/plugins\/seo\/ -->\n<title>Pourquoi y a-t-il des fuseaux horaires ?<\/title>\n<meta name=\"description\" content=\"Les fuseaux horaires existent pour que midi corresponde \u00e0 peu pr\u00e8s, partout, au moment o\u00f9 le soleil est au plus haut. La Terre tourne sur elle-m\u00eame en 24\" \/>\n<meta name=\"robots\" content=\"index, follow, max-snippet:-1, max-image-preview:large, max-video-preview:-1\" \/>\n<link rel=\"canonical\" href=\"https:\/\/greenwichmeridien.fr\/blog\/histoire-et-culture\/heure-et-calendrier\/pourquoi-des-fuseaux-horaires\/\" \/>\n<meta property=\"og:locale\" content=\"fr_FR\" \/>\n<meta property=\"og:type\" content=\"article\" \/>\n<meta property=\"og:title\" content=\"Pourquoi y a-t-il des fuseaux horaires ?\" \/>\n<meta property=\"og:description\" content=\"Les fuseaux horaires existent pour que midi corresponde \u00e0 peu pr\u00e8s, partout, au moment o\u00f9 le soleil est au plus haut. La Terre tourne sur elle-m\u00eame en 24\" \/>\n<meta property=\"og:url\" content=\"https:\/\/greenwichmeridien.fr\/blog\/histoire-et-culture\/heure-et-calendrier\/pourquoi-des-fuseaux-horaires\/\" \/>\n<meta property=\"og:site_name\" content=\"greenwichmeridien\" \/>\n<meta name=\"author\" content=\"Samuel Chalmin\" \/>\n<meta name=\"twitter:card\" content=\"summary_large_image\" \/>\n<script type=\"application\/ld+json\" class=\"yoast-schema-graph\">{\"@context\":\"https:\/\/schema.org\",\"@graph\":[{\"@type\":\"NewsArticle\",\"@id\":\"https:\/\/greenwichmeridien.fr\/blog\/histoire-et-culture\/heure-et-calendrier\/pourquoi-des-fuseaux-horaires\/#article\",\"isPartOf\":{\"@id\":\"https:\/\/greenwichmeridien.fr\/blog\/histoire-et-culture\/heure-et-calendrier\/pourquoi-des-fuseaux-horaires\/\"},\"author\":{\"name\":\"Samuel Chalmin\",\"@id\":\"https:\/\/greenwichmeridien.fr\/blog\/#\/schema\/person\/3c864cdc320801e3db34b663e7e3f816\"},\"headline\":\"Pourquoi y a-t-il des fuseaux horaires ?\",\"datePublished\":\"2026-07-16T16:06:21+00:00\",\"mainEntityOfPage\":{\"@id\":\"https:\/\/greenwichmeridien.fr\/blog\/histoire-et-culture\/heure-et-calendrier\/pourquoi-des-fuseaux-horaires\/\"},\"wordCount\":632,\"commentCount\":0,\"publisher\":{\"@id\":\"https:\/\/greenwichmeridien.fr\/blog\/#organization\"},\"image\":{\"@id\":\"https:\/\/greenwichmeridien.fr\/blog\/histoire-et-culture\/heure-et-calendrier\/pourquoi-des-fuseaux-horaires\/#primaryimage\"},\"thumbnailUrl\":\"https:\/\/images.pexels.com\/photos\/37758974\/pexels-photo-37758974.jpeg?auto=compress&cs=tinysrgb&fit=crop&h=627&w=1200\",\"articleSection\":[\"L'heure &amp; le calendrier\"],\"inLanguage\":\"fr-FR\",\"potentialAction\":[{\"@type\":\"CommentAction\",\"name\":\"Comment\",\"target\":[\"https:\/\/greenwichmeridien.fr\/blog\/histoire-et-culture\/heure-et-calendrier\/pourquoi-des-fuseaux-horaires\/#respond\"]}]},{\"@type\":\"WebPage\",\"@id\":\"https:\/\/greenwichmeridien.fr\/blog\/histoire-et-culture\/heure-et-calendrier\/pourquoi-des-fuseaux-horaires\/\",\"url\":\"https:\/\/greenwichmeridien.fr\/blog\/histoire-et-culture\/heure-et-calendrier\/pourquoi-des-fuseaux-horaires\/\",\"name\":\"Pourquoi y a-t-il des fuseaux horaires ?\",\"isPartOf\":{\"@id\":\"https:\/\/greenwichmeridien.fr\/blog\/#website\"},\"primaryImageOfPage\":{\"@id\":\"https:\/\/greenwichmeridien.fr\/blog\/histoire-et-culture\/heure-et-calendrier\/pourquoi-des-fuseaux-horaires\/#primaryimage\"},\"image\":{\"@id\":\"https:\/\/greenwichmeridien.fr\/blog\/histoire-et-culture\/heure-et-calendrier\/pourquoi-des-fuseaux-horaires\/#primaryimage\"},\"thumbnailUrl\":\"https:\/\/images.pexels.com\/photos\/37758974\/pexels-photo-37758974.jpeg?auto=compress&cs=tinysrgb&fit=crop&h=627&w=1200\",\"datePublished\":\"2026-07-16T16:06:21+00:00\",\"description\":\"Les fuseaux horaires existent pour que midi corresponde \u00e0 peu pr\u00e8s, partout, au moment o\u00f9 le soleil est au plus haut. La Terre tourne sur elle-m\u00eame en 24\",\"inLanguage\":\"fr-FR\",\"potentialAction\":[{\"@type\":\"ReadAction\",\"target\":[\"https:\/\/greenwichmeridien.fr\/blog\/histoire-et-culture\/heure-et-calendrier\/pourquoi-des-fuseaux-horaires\/\"]}]},{\"@type\":\"ImageObject\",\"inLanguage\":\"fr-FR\",\"@id\":\"https:\/\/greenwichmeridien.fr\/blog\/histoire-et-culture\/heure-et-calendrier\/pourquoi-des-fuseaux-horaires\/#primaryimage\",\"url\":\"https:\/\/images.pexels.com\/photos\/37758974\/pexels-photo-37758974.jpeg?auto=compress&cs=tinysrgb&fit=crop&h=627&w=1200\",\"contentUrl\":\"https:\/\/images.pexels.com\/photos\/37758974\/pexels-photo-37758974.jpeg?auto=compress&cs=tinysrgb&fit=crop&h=627&w=1200\"},{\"@type\":\"WebSite\",\"@id\":\"https:\/\/greenwichmeridien.fr\/blog\/#website\",\"url\":\"https:\/\/greenwichmeridien.fr\/blog\/\",\"name\":\"Greenwich M\u00e9ridien\",\"description\":\"Greenwich M\u00e9ridien, le rep\u00e8re du temps et du voyage\",\"publisher\":{\"@id\":\"https:\/\/greenwichmeridien.fr\/blog\/#organization\"},\"alternateName\":\"Greenwich M\u00e9ridien, le rep\u00e8re du temps et du voyage\",\"potentialAction\":[{\"@type\":\"SearchAction\",\"target\":{\"@type\":\"EntryPoint\",\"urlTemplate\":\"https:\/\/greenwichmeridien.fr\/blog\/?s={search_term_string}\"},\"query-input\":{\"@type\":\"PropertyValueSpecification\",\"valueRequired\":true,\"valueName\":\"search_term_string\"}}],\"inLanguage\":\"fr-FR\"},{\"@type\":\"Organization\",\"@id\":\"https:\/\/greenwichmeridien.fr\/blog\/#organization\",\"name\":\"Greenwich M\u00e9ridien\",\"alternateName\":\"Greenwich M\u00e9ridien\",\"url\":\"https:\/\/greenwichmeridien.fr\/blog\/\",\"logo\":{\"@type\":\"ImageObject\",\"inLanguage\":\"fr-FR\",\"@id\":\"https:\/\/greenwichmeridien.fr\/blog\/#\/schema\/logo\/image\/\",\"url\":\"https:\/\/greenwichmeridien.fr\/blog\/wp-content\/uploads\/2024\/12\/greenwichmeridien.png\",\"contentUrl\":\"https:\/\/greenwichmeridien.fr\/blog\/wp-content\/uploads\/2024\/12\/greenwichmeridien.png\",\"width\":500,\"height\":500,\"caption\":\"Greenwich M\u00e9ridien\"},\"image\":{\"@id\":\"https:\/\/greenwichmeridien.fr\/blog\/#\/schema\/logo\/image\/\"}},{\"@type\":\"Person\",\"@id\":\"https:\/\/greenwichmeridien.fr\/blog\/#\/schema\/person\/3c864cdc320801e3db34b663e7e3f816\",\"name\":\"Samuel Chalmin\",\"image\":{\"@type\":\"ImageObject\",\"inLanguage\":\"fr-FR\",\"@id\":\"https:\/\/greenwichmeridien.fr\/blog\/#\/schema\/person\/image\/\",\"url\":\"https:\/\/secure.gravatar.com\/avatar\/cef3677de7d237273d13053728f9470818581a8a27d9bf6f5039fd18508a905f?s=96&d=mm&r=g\",\"contentUrl\":\"https:\/\/secure.gravatar.com\/avatar\/cef3677de7d237273d13053728f9470818581a8a27d9bf6f5039fd18508a905f?s=96&d=mm&r=g\",\"caption\":\"Samuel Chalmin\"},\"description\":\"R\u00e9dacteur du site, il suit les questions de temps et de calendrier : m\u00e9ridien de Greenwich, heure GMT et UTC, fuseaux horaires, changement d'heure, ann\u00e9es bissextiles et jours f\u00e9ri\u00e9s.\",\"sameAs\":[\"https:\/\/samuelchalmin.fr\/\"],\"url\":\"https:\/\/greenwichmeridien.fr\/blog\/auteur\/noname\/\"}]}<\/script>\n<!-- \/ Yoast SEO Premium plugin. -->","yoast_head_json":{"title":"Pourquoi y a-t-il des fuseaux horaires ?","description":"Les fuseaux horaires existent pour que midi corresponde \u00e0 peu pr\u00e8s, partout, au moment o\u00f9 le soleil est au plus haut. La Terre tourne sur elle-m\u00eame en 24","robots":{"index":"index","follow":"follow","max-snippet":"max-snippet:-1","max-image-preview":"max-image-preview:large","max-video-preview":"max-video-preview:-1"},"canonical":"https:\/\/greenwichmeridien.fr\/blog\/histoire-et-culture\/heure-et-calendrier\/pourquoi-des-fuseaux-horaires\/","og_locale":"fr_FR","og_type":"article","og_title":"Pourquoi y a-t-il des fuseaux horaires ?","og_description":"Les fuseaux horaires existent pour que midi corresponde \u00e0 peu pr\u00e8s, partout, au moment o\u00f9 le soleil est au plus haut. La Terre tourne sur elle-m\u00eame en 24","og_url":"https:\/\/greenwichmeridien.fr\/blog\/histoire-et-culture\/heure-et-calendrier\/pourquoi-des-fuseaux-horaires\/","og_site_name":"greenwichmeridien","author":"Samuel Chalmin","twitter_card":"summary_large_image","schema":{"@context":"https:\/\/schema.org","@graph":[{"@type":"NewsArticle","@id":"https:\/\/greenwichmeridien.fr\/blog\/histoire-et-culture\/heure-et-calendrier\/pourquoi-des-fuseaux-horaires\/#article","isPartOf":{"@id":"https:\/\/greenwichmeridien.fr\/blog\/histoire-et-culture\/heure-et-calendrier\/pourquoi-des-fuseaux-horaires\/"},"author":{"name":"Samuel Chalmin","@id":"https:\/\/greenwichmeridien.fr\/blog\/#\/schema\/person\/3c864cdc320801e3db34b663e7e3f816"},"headline":"Pourquoi y a-t-il des fuseaux horaires ?","datePublished":"2026-07-16T16:06:21+00:00","mainEntityOfPage":{"@id":"https:\/\/greenwichmeridien.fr\/blog\/histoire-et-culture\/heure-et-calendrier\/pourquoi-des-fuseaux-horaires\/"},"wordCount":632,"commentCount":0,"publisher":{"@id":"https:\/\/greenwichmeridien.fr\/blog\/#organization"},"image":{"@id":"https:\/\/greenwichmeridien.fr\/blog\/histoire-et-culture\/heure-et-calendrier\/pourquoi-des-fuseaux-horaires\/#primaryimage"},"thumbnailUrl":"https:\/\/images.pexels.com\/photos\/37758974\/pexels-photo-37758974.jpeg?auto=compress&cs=tinysrgb&fit=crop&h=627&w=1200","articleSection":["L'heure &amp; le calendrier"],"inLanguage":"fr-FR","potentialAction":[{"@type":"CommentAction","name":"Comment","target":["https:\/\/greenwichmeridien.fr\/blog\/histoire-et-culture\/heure-et-calendrier\/pourquoi-des-fuseaux-horaires\/#respond"]}]},{"@type":"WebPage","@id":"https:\/\/greenwichmeridien.fr\/blog\/histoire-et-culture\/heure-et-calendrier\/pourquoi-des-fuseaux-horaires\/","url":"https:\/\/greenwichmeridien.fr\/blog\/histoire-et-culture\/heure-et-calendrier\/pourquoi-des-fuseaux-horaires\/","name":"Pourquoi y a-t-il des fuseaux horaires ?","isPartOf":{"@id":"https:\/\/greenwichmeridien.fr\/blog\/#website"},"primaryImageOfPage":{"@id":"https:\/\/greenwichmeridien.fr\/blog\/histoire-et-culture\/heure-et-calendrier\/pourquoi-des-fuseaux-horaires\/#primaryimage"},"image":{"@id":"https:\/\/greenwichmeridien.fr\/blog\/histoire-et-culture\/heure-et-calendrier\/pourquoi-des-fuseaux-horaires\/#primaryimage"},"thumbnailUrl":"https:\/\/images.pexels.com\/photos\/37758974\/pexels-photo-37758974.jpeg?auto=compress&cs=tinysrgb&fit=crop&h=627&w=1200","datePublished":"2026-07-16T16:06:21+00:00","description":"Les fuseaux horaires existent pour que midi corresponde \u00e0 peu pr\u00e8s, partout, au moment o\u00f9 le soleil est au plus haut. La Terre tourne sur elle-m\u00eame en 24","inLanguage":"fr-FR","potentialAction":[{"@type":"ReadAction","target":["https:\/\/greenwichmeridien.fr\/blog\/histoire-et-culture\/heure-et-calendrier\/pourquoi-des-fuseaux-horaires\/"]}]},{"@type":"ImageObject","inLanguage":"fr-FR","@id":"https:\/\/greenwichmeridien.fr\/blog\/histoire-et-culture\/heure-et-calendrier\/pourquoi-des-fuseaux-horaires\/#primaryimage","url":"https:\/\/images.pexels.com\/photos\/37758974\/pexels-photo-37758974.jpeg?auto=compress&cs=tinysrgb&fit=crop&h=627&w=1200","contentUrl":"https:\/\/images.pexels.com\/photos\/37758974\/pexels-photo-37758974.jpeg?auto=compress&cs=tinysrgb&fit=crop&h=627&w=1200"},{"@type":"WebSite","@id":"https:\/\/greenwichmeridien.fr\/blog\/#website","url":"https:\/\/greenwichmeridien.fr\/blog\/","name":"Greenwich M\u00e9ridien","description":"Greenwich M\u00e9ridien, le rep\u00e8re du temps et du voyage","publisher":{"@id":"https:\/\/greenwichmeridien.fr\/blog\/#organization"},"alternateName":"Greenwich M\u00e9ridien, le rep\u00e8re du temps et du voyage","potentialAction":[{"@type":"SearchAction","target":{"@type":"EntryPoint","urlTemplate":"https:\/\/greenwichmeridien.fr\/blog\/?s={search_term_string}"},"query-input":{"@type":"PropertyValueSpecification","valueRequired":true,"valueName":"search_term_string"}}],"inLanguage":"fr-FR"},{"@type":"Organization","@id":"https:\/\/greenwichmeridien.fr\/blog\/#organization","name":"Greenwich M\u00e9ridien","alternateName":"Greenwich M\u00e9ridien","url":"https:\/\/greenwichmeridien.fr\/blog\/","logo":{"@type":"ImageObject","inLanguage":"fr-FR","@id":"https:\/\/greenwichmeridien.fr\/blog\/#\/schema\/logo\/image\/","url":"https:\/\/greenwichmeridien.fr\/blog\/wp-content\/uploads\/2024\/12\/greenwichmeridien.png","contentUrl":"https:\/\/greenwichmeridien.fr\/blog\/wp-content\/uploads\/2024\/12\/greenwichmeridien.png","width":500,"height":500,"caption":"Greenwich M\u00e9ridien"},"image":{"@id":"https:\/\/greenwichmeridien.fr\/blog\/#\/schema\/logo\/image\/"}},{"@type":"Person","@id":"https:\/\/greenwichmeridien.fr\/blog\/#\/schema\/person\/3c864cdc320801e3db34b663e7e3f816","name":"Samuel Chalmin","image":{"@type":"ImageObject","inLanguage":"fr-FR","@id":"https:\/\/greenwichmeridien.fr\/blog\/#\/schema\/person\/image\/","url":"https:\/\/secure.gravatar.com\/avatar\/cef3677de7d237273d13053728f9470818581a8a27d9bf6f5039fd18508a905f?s=96&d=mm&r=g","contentUrl":"https:\/\/secure.gravatar.com\/avatar\/cef3677de7d237273d13053728f9470818581a8a27d9bf6f5039fd18508a905f?s=96&d=mm&r=g","caption":"Samuel Chalmin"},"description":"R\u00e9dacteur du site, il suit les questions de temps et de calendrier : m\u00e9ridien de Greenwich, heure GMT et UTC, fuseaux horaires, changement d'heure, ann\u00e9es bissextiles et jours f\u00e9ri\u00e9s.","sameAs":["https:\/\/samuelchalmin.fr\/"],"url":"https:\/\/greenwichmeridien.fr\/blog\/auteur\/noname\/"}]}},"_links":{"self":[{"href":"https:\/\/greenwichmeridien.fr\/blog\/wp-json\/wp\/v2\/posts\/7846","targetHints":{"allow":["GET"]}}],"collection":[{"href":"https:\/\/greenwichmeridien.fr\/blog\/wp-json\/wp\/v2\/posts"}],"about":[{"href":"https:\/\/greenwichmeridien.fr\/blog\/wp-json\/wp\/v2\/types\/post"}],"author":[{"embeddable":true,"href":"https:\/\/greenwichmeridien.fr\/blog\/wp-json\/wp\/v2\/users\/34"}],"replies":[{"embeddable":true,"href":"https:\/\/greenwichmeridien.fr\/blog\/wp-json\/wp\/v2\/comments?post=7846"}],"version-history":[{"count":0,"href":"https:\/\/greenwichmeridien.fr\/blog\/wp-json\/wp\/v2\/posts\/7846\/revisions"}],"wp:attachment":[{"href":"https:\/\/greenwichmeridien.fr\/blog\/wp-json\/wp\/v2\/media?parent=7846"}],"wp:term":[{"taxonomy":"category","embeddable":true,"href":"https:\/\/greenwichmeridien.fr\/blog\/wp-json\/wp\/v2\/categories?post=7846"},{"taxonomy":"post_tag","embeddable":true,"href":"https:\/\/greenwichmeridien.fr\/blog\/wp-json\/wp\/v2\/tags?post=7846"}],"curies":[{"name":"wp","href":"https:\/\/api.w.org\/{rel}","templated":true}]}}