{"id":7847,"date":"2026-07-16T18:06:27","date_gmt":"2026-07-16T16:06:27","guid":{"rendered":"https:\/\/greenwichmeridien.fr\/blog\/histoire-et-culture\/heure-et-calendrier\/pourquoi-le-midi-solaire-nest-pas-a-midi\/"},"modified":"2026-07-16T18:06:27","modified_gmt":"2026-07-16T16:06:27","slug":"pourquoi-le-midi-solaire-nest-pas-a-midi","status":"publish","type":"post","link":"https:\/\/greenwichmeridien.fr\/blog\/histoire-et-culture\/heure-et-calendrier\/pourquoi-le-midi-solaire-nest-pas-a-midi\/","title":{"rendered":"Pourquoi le midi solaire n&rsquo;est-il pas \u00e0 midi ?"},"content":{"rendered":"<p><strong>\u00c0 Paris, le soleil est au plus haut vers 13 h 50 en \u00e9t\u00e9 et 12 h 50 en hiver \u2014 pas \u00e0 midi. Deux raisons : la France vit avec 1 \u00e0 2 heures d&rsquo;avance sur son heure g\u00e9ographique (UTC+1 l&rsquo;hiver, UTC+2 l&rsquo;\u00e9t\u00e9 alors que le m\u00e9ridien de Greenwich la traverse), et la position exacte d\u00e9pend de votre longitude dans le pays.<\/strong><\/p>\n<p>C&rsquo;est la surprise de tous ceux qui installent un cadran solaire ou observent l&rsquo;ombre la plus courte de la journ\u00e9e : le \u00ab midi vrai \u00bb, celui du soleil, ne co\u00efncide presque jamais avec le midi de nos montres.<\/p>\n<h2>D&rsquo;o\u00f9 vient le d\u00e9calage ?<\/h2>\n<ul>\n<li><strong>L&rsquo;heure l\u00e9gale n&rsquo;est pas l&rsquo;heure g\u00e9ographique.<\/strong> La France se trouve autour du m\u00e9ridien de Greenwich : son heure \u00ab naturelle \u00bb serait UTC+0. Or nous vivons \u00e0 UTC+1 en hiver (h\u00e9ritage de l&rsquo;heure allemande de 1940) et UTC+2 en \u00e9t\u00e9. Cela fait d\u00e9j\u00e0 1 \u00e0 2 heures d&rsquo;\u00e9cart.<\/li>\n<li><strong>Votre longitude compte.<\/strong> Le soleil balaie la France d&rsquo;est en ouest : chaque degr\u00e9 de longitude d\u00e9cale le midi solaire de 4 minutes. Entre Strasbourg et Brest, il s&rsquo;\u00e9coule environ 49 minutes.<\/li>\n<li><strong>La Terre n&rsquo;est pas une horloge r\u00e9guli\u00e8re.<\/strong> Son orbite elliptique et son inclinaison font osciller le midi vrai autour de sa moyenne de \u221214 \u00e0 +16 minutes selon la saison : c&rsquo;est \u00ab l&rsquo;\u00e9quation du temps \u00bb, la petite courbe en 8 grav\u00e9e sur certains cadrans solaires.<\/li>\n<\/ul>\n<h2>Le midi solaire approximatif selon votre ville<\/h2>\n<table>\n<thead>\n<tr>\n<th>Ville<\/th>\n<th>Midi solaire en \u00e9t\u00e9 (env.)<\/th>\n<th>Midi solaire en hiver (env.)<\/th>\n<\/tr>\n<\/thead>\n<tbody>\n<tr>\n<td>Strasbourg<\/td>\n<td>13 h 29<\/td>\n<td>12 h 29<\/td>\n<\/tr>\n<tr>\n<td>Nice<\/td>\n<td>13 h 31<\/td>\n<td>12 h 31<\/td>\n<\/tr>\n<tr>\n<td>Marseille<\/td>\n<td>13 h 39<\/td>\n<td>12 h 39<\/td>\n<\/tr>\n<tr>\n<td>Paris<\/td>\n<td>13 h 51<\/td>\n<td>12 h 51<\/td>\n<\/tr>\n<tr>\n<td>Bordeaux<\/td>\n<td>14 h 02<\/td>\n<td>13 h 02<\/td>\n<\/tr>\n<tr>\n<td>Brest<\/td>\n<td>14 h 18<\/td>\n<td>13 h 18<\/td>\n<\/tr>\n<\/tbody>\n<\/table>\n<p>Ces horaires sont des moyennes : l&rsquo;\u00e9quation du temps les fait varier d&rsquo;environ \u00b115 minutes au fil de l&rsquo;ann\u00e9e. Retenez l&rsquo;ordre de grandeur \u2014 en \u00e9t\u00e9, le vrai \u00ab milieu de la journ\u00e9e solaire \u00bb tombe entre 13 h 30 et 14 h 20 selon o\u00f9 vous habitez.<\/p>\n<h2>\u00c0 quoi \u00e7a sert de le savoir ?<\/h2>\n<p>\u00c0 bien plus de choses qu&rsquo;on ne croit : orienter un cadran solaire, comprendre pourquoi le soleil tape le plus fort vers 14 h (le pic UV suit le midi solaire, pas le midi l\u00e9gal \u2014 d&rsquo;o\u00f9 le conseil d&rsquo;\u00e9viter l&rsquo;exposition entre 12 h et 16 h), caler un panneau solaire ou une photo plein sud, ou simplement retrouver le sud avec sa montre : l&rsquo;ombre la plus courte de la journ\u00e9e pointe exactement vers le nord, au moment du midi vrai.<\/p>\n<details>\n<summary>Qu&rsquo;est-ce que l&rsquo;heure solaire vraie ?<\/summary>\n<p>L&rsquo;heure donn\u00e9e directement par la position du soleil dans le ciel (celle d&rsquo;un cadran solaire). Elle diff\u00e8re de l&rsquo;heure l\u00e9gale par le d\u00e9calage du fuseau, votre longitude et l&rsquo;\u00e9quation du temps.<\/p>\n<\/details>\n<details>\n<summary>Comment calculer son midi solaire ?<\/summary>\n<p>Partez de 12 h 00 UTC, retranchez 4 minutes par degr\u00e9 de longitude est (ajoutez pour l&rsquo;ouest), puis convertissez en heure fran\u00e7aise (+1 h en hiver, +2 h en \u00e9t\u00e9). Exemple pour Paris (2,35\u00b0 est) : 12 h \u2212 9 min = 11 h 51 UTC, soit 13 h 51 en \u00e9t\u00e9.<\/p>\n<\/details>\n<details>\n<summary>Pourquoi les cadrans solaires \u00ab retardent \u00bb-ils ?<\/summary>\n<p>Ils ne retardent pas : ils donnent l&rsquo;heure solaire locale, la seule \u00ab vraie \u00bb. Ce sont nos horloges qui vivent en avance sur le soleil, pour des raisons historiques et pratiques.<\/p>\n<\/details>\n<details>\n<summary>Le jour o\u00f9 le soleil se couche le plus tard est-il le solstice ?<\/summary>\n<p>Pas exactement : \u00e0 cause de l&rsquo;\u00e9quation du temps, le coucher le plus tardif survient quelques jours apr\u00e8s le solstice d&rsquo;\u00e9t\u00e9 (fin juin), et le lever le plus tardif d\u00e9but janvier, apr\u00e8s le solstice d&rsquo;hiver.<\/p>\n<\/details>\n<h2>\u00c0 lire aussi<\/h2>\n<ul>\n<li><a href=\"https:\/\/greenwichmeridien.fr\/blog\/histoire-et-culture\/heure-et-calendrier\/heure-et-calendrier-questions\/\">L&rsquo;heure et le calendrier en questions : le sommaire complet<\/a><\/li>\n<li><a href=\"https:\/\/greenwichmeridien.fr\/blog\/histoire-et-culture\/heure-et-calendrier\/quelle-est-lheure-gmt-en-france\/\">Quelle est l&rsquo;heure GMT en France ?<\/a><\/li>\n<li><a href=\"https:\/\/greenwichmeridien.fr\/blog\/histoire-et-culture\/heure-et-calendrier\/solstice-et-equinoxe-quelle-difference\/\">Solstice et \u00e9quinoxe : quelle diff\u00e9rence, et \u00e0 quelles dates ?<\/a><\/li>\n<\/ul>\n","protected":false},"excerpt":{"rendered":"","protected":false},"author":34,"featured_media":999999999,"comment_status":"open","ping_status":"open","sticky":false,"template":"","format":"standard","meta":{"_acf_changed":false,"manual_indexmenow":false,"indexmenow_id_project":0,"footnotes":""},"categories":[4824],"tags":[],"class_list":["post-7847","post","type-post","status-publish","format-standard","has-post-thumbnail","hentry","category-heure-et-calendrier","generate-columns","tablet-grid-50","mobile-grid-100","grid-parent","grid-25"],"acf":[],"yoast_head":"<!-- This site is optimized with the Yoast SEO Premium plugin v21.3 (Yoast SEO v25.6) - https:\/\/yoast.com\/wordpress\/plugins\/seo\/ -->\n<title>Pourquoi le midi solaire n&#039;est-il pas \u00e0 midi ?<\/title>\n<meta name=\"description\" content=\"\u00c0 Paris, le soleil est au plus haut vers 13 h 50 en \u00e9t\u00e9 et 12 h 50 en hiver \u2014 pas \u00e0 midi. Deux raisons : la France vit avec 1 \u00e0 2 heures d&#039;avance sur son\" \/>\n<meta name=\"robots\" content=\"index, follow, max-snippet:-1, max-image-preview:large, max-video-preview:-1\" \/>\n<link rel=\"canonical\" href=\"https:\/\/greenwichmeridien.fr\/blog\/histoire-et-culture\/heure-et-calendrier\/pourquoi-le-midi-solaire-nest-pas-a-midi\/\" \/>\n<meta property=\"og:locale\" content=\"fr_FR\" \/>\n<meta property=\"og:type\" content=\"article\" \/>\n<meta property=\"og:title\" content=\"Pourquoi le midi solaire n&#039;est-il pas \u00e0 midi ?\" \/>\n<meta property=\"og:description\" content=\"\u00c0 Paris, le soleil est au plus haut vers 13 h 50 en \u00e9t\u00e9 et 12 h 50 en hiver \u2014 pas \u00e0 midi. Deux raisons : la France vit avec 1 \u00e0 2 heures d&#039;avance sur son\" \/>\n<meta property=\"og:url\" content=\"https:\/\/greenwichmeridien.fr\/blog\/histoire-et-culture\/heure-et-calendrier\/pourquoi-le-midi-solaire-nest-pas-a-midi\/\" \/>\n<meta property=\"og:site_name\" content=\"greenwichmeridien\" \/>\n<meta name=\"author\" content=\"Samuel Chalmin\" \/>\n<meta name=\"twitter:card\" content=\"summary_large_image\" \/>\n<script type=\"application\/ld+json\" class=\"yoast-schema-graph\">{\"@context\":\"https:\/\/schema.org\",\"@graph\":[{\"@type\":\"NewsArticle\",\"@id\":\"https:\/\/greenwichmeridien.fr\/blog\/histoire-et-culture\/heure-et-calendrier\/pourquoi-le-midi-solaire-nest-pas-a-midi\/#article\",\"isPartOf\":{\"@id\":\"https:\/\/greenwichmeridien.fr\/blog\/histoire-et-culture\/heure-et-calendrier\/pourquoi-le-midi-solaire-nest-pas-a-midi\/\"},\"author\":{\"name\":\"Samuel Chalmin\",\"@id\":\"https:\/\/greenwichmeridien.fr\/blog\/#\/schema\/person\/3c864cdc320801e3db34b663e7e3f816\"},\"headline\":\"Pourquoi le midi solaire n&rsquo;est-il pas \u00e0 midi ?\",\"datePublished\":\"2026-07-16T16:06:27+00:00\",\"mainEntityOfPage\":{\"@id\":\"https:\/\/greenwichmeridien.fr\/blog\/histoire-et-culture\/heure-et-calendrier\/pourquoi-le-midi-solaire-nest-pas-a-midi\/\"},\"wordCount\":615,\"commentCount\":0,\"publisher\":{\"@id\":\"https:\/\/greenwichmeridien.fr\/blog\/#organization\"},\"image\":{\"@id\":\"https:\/\/greenwichmeridien.fr\/blog\/histoire-et-culture\/heure-et-calendrier\/pourquoi-le-midi-solaire-nest-pas-a-midi\/#primaryimage\"},\"thumbnailUrl\":\"https:\/\/images.pexels.com\/photos\/36202510\/pexels-photo-36202510.jpeg?auto=compress&cs=tinysrgb&fit=crop&h=627&w=1200\",\"articleSection\":[\"L'heure &amp; le calendrier\"],\"inLanguage\":\"fr-FR\",\"potentialAction\":[{\"@type\":\"CommentAction\",\"name\":\"Comment\",\"target\":[\"https:\/\/greenwichmeridien.fr\/blog\/histoire-et-culture\/heure-et-calendrier\/pourquoi-le-midi-solaire-nest-pas-a-midi\/#respond\"]}]},{\"@type\":\"WebPage\",\"@id\":\"https:\/\/greenwichmeridien.fr\/blog\/histoire-et-culture\/heure-et-calendrier\/pourquoi-le-midi-solaire-nest-pas-a-midi\/\",\"url\":\"https:\/\/greenwichmeridien.fr\/blog\/histoire-et-culture\/heure-et-calendrier\/pourquoi-le-midi-solaire-nest-pas-a-midi\/\",\"name\":\"Pourquoi le midi solaire n'est-il pas \u00e0 midi ?\",\"isPartOf\":{\"@id\":\"https:\/\/greenwichmeridien.fr\/blog\/#website\"},\"primaryImageOfPage\":{\"@id\":\"https:\/\/greenwichmeridien.fr\/blog\/histoire-et-culture\/heure-et-calendrier\/pourquoi-le-midi-solaire-nest-pas-a-midi\/#primaryimage\"},\"image\":{\"@id\":\"https:\/\/greenwichmeridien.fr\/blog\/histoire-et-culture\/heure-et-calendrier\/pourquoi-le-midi-solaire-nest-pas-a-midi\/#primaryimage\"},\"thumbnailUrl\":\"https:\/\/images.pexels.com\/photos\/36202510\/pexels-photo-36202510.jpeg?auto=compress&cs=tinysrgb&fit=crop&h=627&w=1200\",\"datePublished\":\"2026-07-16T16:06:27+00:00\",\"description\":\"\u00c0 Paris, le soleil est au plus haut vers 13 h 50 en \u00e9t\u00e9 et 12 h 50 en hiver \u2014 pas \u00e0 midi. Deux raisons : la France vit avec 1 \u00e0 2 heures d'avance sur son\",\"inLanguage\":\"fr-FR\",\"potentialAction\":[{\"@type\":\"ReadAction\",\"target\":[\"https:\/\/greenwichmeridien.fr\/blog\/histoire-et-culture\/heure-et-calendrier\/pourquoi-le-midi-solaire-nest-pas-a-midi\/\"]}]},{\"@type\":\"ImageObject\",\"inLanguage\":\"fr-FR\",\"@id\":\"https:\/\/greenwichmeridien.fr\/blog\/histoire-et-culture\/heure-et-calendrier\/pourquoi-le-midi-solaire-nest-pas-a-midi\/#primaryimage\",\"url\":\"https:\/\/images.pexels.com\/photos\/36202510\/pexels-photo-36202510.jpeg?auto=compress&cs=tinysrgb&fit=crop&h=627&w=1200\",\"contentUrl\":\"https:\/\/images.pexels.com\/photos\/36202510\/pexels-photo-36202510.jpeg?auto=compress&cs=tinysrgb&fit=crop&h=627&w=1200\"},{\"@type\":\"WebSite\",\"@id\":\"https:\/\/greenwichmeridien.fr\/blog\/#website\",\"url\":\"https:\/\/greenwichmeridien.fr\/blog\/\",\"name\":\"Greenwich M\u00e9ridien\",\"description\":\"Greenwich M\u00e9ridien, le rep\u00e8re du temps et du voyage\",\"publisher\":{\"@id\":\"https:\/\/greenwichmeridien.fr\/blog\/#organization\"},\"alternateName\":\"Greenwich M\u00e9ridien, le rep\u00e8re du temps et du voyage\",\"potentialAction\":[{\"@type\":\"SearchAction\",\"target\":{\"@type\":\"EntryPoint\",\"urlTemplate\":\"https:\/\/greenwichmeridien.fr\/blog\/?s={search_term_string}\"},\"query-input\":{\"@type\":\"PropertyValueSpecification\",\"valueRequired\":true,\"valueName\":\"search_term_string\"}}],\"inLanguage\":\"fr-FR\"},{\"@type\":\"Organization\",\"@id\":\"https:\/\/greenwichmeridien.fr\/blog\/#organization\",\"name\":\"Greenwich M\u00e9ridien\",\"alternateName\":\"Greenwich M\u00e9ridien\",\"url\":\"https:\/\/greenwichmeridien.fr\/blog\/\",\"logo\":{\"@type\":\"ImageObject\",\"inLanguage\":\"fr-FR\",\"@id\":\"https:\/\/greenwichmeridien.fr\/blog\/#\/schema\/logo\/image\/\",\"url\":\"https:\/\/greenwichmeridien.fr\/blog\/wp-content\/uploads\/2024\/12\/greenwichmeridien.png\",\"contentUrl\":\"https:\/\/greenwichmeridien.fr\/blog\/wp-content\/uploads\/2024\/12\/greenwichmeridien.png\",\"width\":500,\"height\":500,\"caption\":\"Greenwich M\u00e9ridien\"},\"image\":{\"@id\":\"https:\/\/greenwichmeridien.fr\/blog\/#\/schema\/logo\/image\/\"}},{\"@type\":\"Person\",\"@id\":\"https:\/\/greenwichmeridien.fr\/blog\/#\/schema\/person\/3c864cdc320801e3db34b663e7e3f816\",\"name\":\"Samuel Chalmin\",\"image\":{\"@type\":\"ImageObject\",\"inLanguage\":\"fr-FR\",\"@id\":\"https:\/\/greenwichmeridien.fr\/blog\/#\/schema\/person\/image\/\",\"url\":\"https:\/\/secure.gravatar.com\/avatar\/cef3677de7d237273d13053728f9470818581a8a27d9bf6f5039fd18508a905f?s=96&d=mm&r=g\",\"contentUrl\":\"https:\/\/secure.gravatar.com\/avatar\/cef3677de7d237273d13053728f9470818581a8a27d9bf6f5039fd18508a905f?s=96&d=mm&r=g\",\"caption\":\"Samuel Chalmin\"},\"description\":\"R\u00e9dacteur du site, il suit les questions de temps et de calendrier : m\u00e9ridien de Greenwich, heure GMT et UTC, fuseaux horaires, changement d'heure, ann\u00e9es bissextiles et jours f\u00e9ri\u00e9s.\",\"sameAs\":[\"https:\/\/samuelchalmin.fr\/\"],\"url\":\"https:\/\/greenwichmeridien.fr\/blog\/auteur\/noname\/\"}]}<\/script>\n<!-- \/ Yoast SEO Premium plugin. -->","yoast_head_json":{"title":"Pourquoi le midi solaire n'est-il pas \u00e0 midi ?","description":"\u00c0 Paris, le soleil est au plus haut vers 13 h 50 en \u00e9t\u00e9 et 12 h 50 en hiver \u2014 pas \u00e0 midi. Deux raisons : la France vit avec 1 \u00e0 2 heures d'avance sur son","robots":{"index":"index","follow":"follow","max-snippet":"max-snippet:-1","max-image-preview":"max-image-preview:large","max-video-preview":"max-video-preview:-1"},"canonical":"https:\/\/greenwichmeridien.fr\/blog\/histoire-et-culture\/heure-et-calendrier\/pourquoi-le-midi-solaire-nest-pas-a-midi\/","og_locale":"fr_FR","og_type":"article","og_title":"Pourquoi le midi solaire n'est-il pas \u00e0 midi ?","og_description":"\u00c0 Paris, le soleil est au plus haut vers 13 h 50 en \u00e9t\u00e9 et 12 h 50 en hiver \u2014 pas \u00e0 midi. Deux raisons : la France vit avec 1 \u00e0 2 heures d'avance sur son","og_url":"https:\/\/greenwichmeridien.fr\/blog\/histoire-et-culture\/heure-et-calendrier\/pourquoi-le-midi-solaire-nest-pas-a-midi\/","og_site_name":"greenwichmeridien","author":"Samuel Chalmin","twitter_card":"summary_large_image","schema":{"@context":"https:\/\/schema.org","@graph":[{"@type":"NewsArticle","@id":"https:\/\/greenwichmeridien.fr\/blog\/histoire-et-culture\/heure-et-calendrier\/pourquoi-le-midi-solaire-nest-pas-a-midi\/#article","isPartOf":{"@id":"https:\/\/greenwichmeridien.fr\/blog\/histoire-et-culture\/heure-et-calendrier\/pourquoi-le-midi-solaire-nest-pas-a-midi\/"},"author":{"name":"Samuel Chalmin","@id":"https:\/\/greenwichmeridien.fr\/blog\/#\/schema\/person\/3c864cdc320801e3db34b663e7e3f816"},"headline":"Pourquoi le midi solaire n&rsquo;est-il pas \u00e0 midi ?","datePublished":"2026-07-16T16:06:27+00:00","mainEntityOfPage":{"@id":"https:\/\/greenwichmeridien.fr\/blog\/histoire-et-culture\/heure-et-calendrier\/pourquoi-le-midi-solaire-nest-pas-a-midi\/"},"wordCount":615,"commentCount":0,"publisher":{"@id":"https:\/\/greenwichmeridien.fr\/blog\/#organization"},"image":{"@id":"https:\/\/greenwichmeridien.fr\/blog\/histoire-et-culture\/heure-et-calendrier\/pourquoi-le-midi-solaire-nest-pas-a-midi\/#primaryimage"},"thumbnailUrl":"https:\/\/images.pexels.com\/photos\/36202510\/pexels-photo-36202510.jpeg?auto=compress&cs=tinysrgb&fit=crop&h=627&w=1200","articleSection":["L'heure &amp; le calendrier"],"inLanguage":"fr-FR","potentialAction":[{"@type":"CommentAction","name":"Comment","target":["https:\/\/greenwichmeridien.fr\/blog\/histoire-et-culture\/heure-et-calendrier\/pourquoi-le-midi-solaire-nest-pas-a-midi\/#respond"]}]},{"@type":"WebPage","@id":"https:\/\/greenwichmeridien.fr\/blog\/histoire-et-culture\/heure-et-calendrier\/pourquoi-le-midi-solaire-nest-pas-a-midi\/","url":"https:\/\/greenwichmeridien.fr\/blog\/histoire-et-culture\/heure-et-calendrier\/pourquoi-le-midi-solaire-nest-pas-a-midi\/","name":"Pourquoi le midi solaire n'est-il pas \u00e0 midi ?","isPartOf":{"@id":"https:\/\/greenwichmeridien.fr\/blog\/#website"},"primaryImageOfPage":{"@id":"https:\/\/greenwichmeridien.fr\/blog\/histoire-et-culture\/heure-et-calendrier\/pourquoi-le-midi-solaire-nest-pas-a-midi\/#primaryimage"},"image":{"@id":"https:\/\/greenwichmeridien.fr\/blog\/histoire-et-culture\/heure-et-calendrier\/pourquoi-le-midi-solaire-nest-pas-a-midi\/#primaryimage"},"thumbnailUrl":"https:\/\/images.pexels.com\/photos\/36202510\/pexels-photo-36202510.jpeg?auto=compress&cs=tinysrgb&fit=crop&h=627&w=1200","datePublished":"2026-07-16T16:06:27+00:00","description":"\u00c0 Paris, le soleil est au plus haut vers 13 h 50 en \u00e9t\u00e9 et 12 h 50 en hiver \u2014 pas \u00e0 midi. Deux raisons : la France vit avec 1 \u00e0 2 heures d'avance sur son","inLanguage":"fr-FR","potentialAction":[{"@type":"ReadAction","target":["https:\/\/greenwichmeridien.fr\/blog\/histoire-et-culture\/heure-et-calendrier\/pourquoi-le-midi-solaire-nest-pas-a-midi\/"]}]},{"@type":"ImageObject","inLanguage":"fr-FR","@id":"https:\/\/greenwichmeridien.fr\/blog\/histoire-et-culture\/heure-et-calendrier\/pourquoi-le-midi-solaire-nest-pas-a-midi\/#primaryimage","url":"https:\/\/images.pexels.com\/photos\/36202510\/pexels-photo-36202510.jpeg?auto=compress&cs=tinysrgb&fit=crop&h=627&w=1200","contentUrl":"https:\/\/images.pexels.com\/photos\/36202510\/pexels-photo-36202510.jpeg?auto=compress&cs=tinysrgb&fit=crop&h=627&w=1200"},{"@type":"WebSite","@id":"https:\/\/greenwichmeridien.fr\/blog\/#website","url":"https:\/\/greenwichmeridien.fr\/blog\/","name":"Greenwich M\u00e9ridien","description":"Greenwich M\u00e9ridien, le rep\u00e8re du temps et du voyage","publisher":{"@id":"https:\/\/greenwichmeridien.fr\/blog\/#organization"},"alternateName":"Greenwich M\u00e9ridien, le rep\u00e8re du temps et du voyage","potentialAction":[{"@type":"SearchAction","target":{"@type":"EntryPoint","urlTemplate":"https:\/\/greenwichmeridien.fr\/blog\/?s={search_term_string}"},"query-input":{"@type":"PropertyValueSpecification","valueRequired":true,"valueName":"search_term_string"}}],"inLanguage":"fr-FR"},{"@type":"Organization","@id":"https:\/\/greenwichmeridien.fr\/blog\/#organization","name":"Greenwich M\u00e9ridien","alternateName":"Greenwich M\u00e9ridien","url":"https:\/\/greenwichmeridien.fr\/blog\/","logo":{"@type":"ImageObject","inLanguage":"fr-FR","@id":"https:\/\/greenwichmeridien.fr\/blog\/#\/schema\/logo\/image\/","url":"https:\/\/greenwichmeridien.fr\/blog\/wp-content\/uploads\/2024\/12\/greenwichmeridien.png","contentUrl":"https:\/\/greenwichmeridien.fr\/blog\/wp-content\/uploads\/2024\/12\/greenwichmeridien.png","width":500,"height":500,"caption":"Greenwich M\u00e9ridien"},"image":{"@id":"https:\/\/greenwichmeridien.fr\/blog\/#\/schema\/logo\/image\/"}},{"@type":"Person","@id":"https:\/\/greenwichmeridien.fr\/blog\/#\/schema\/person\/3c864cdc320801e3db34b663e7e3f816","name":"Samuel Chalmin","image":{"@type":"ImageObject","inLanguage":"fr-FR","@id":"https:\/\/greenwichmeridien.fr\/blog\/#\/schema\/person\/image\/","url":"https:\/\/secure.gravatar.com\/avatar\/cef3677de7d237273d13053728f9470818581a8a27d9bf6f5039fd18508a905f?s=96&d=mm&r=g","contentUrl":"https:\/\/secure.gravatar.com\/avatar\/cef3677de7d237273d13053728f9470818581a8a27d9bf6f5039fd18508a905f?s=96&d=mm&r=g","caption":"Samuel Chalmin"},"description":"R\u00e9dacteur du site, il suit les questions de temps et de calendrier : m\u00e9ridien de Greenwich, heure GMT et UTC, fuseaux horaires, changement d'heure, ann\u00e9es bissextiles et jours f\u00e9ri\u00e9s.","sameAs":["https:\/\/samuelchalmin.fr\/"],"url":"https:\/\/greenwichmeridien.fr\/blog\/auteur\/noname\/"}]}},"_links":{"self":[{"href":"https:\/\/greenwichmeridien.fr\/blog\/wp-json\/wp\/v2\/posts\/7847","targetHints":{"allow":["GET"]}}],"collection":[{"href":"https:\/\/greenwichmeridien.fr\/blog\/wp-json\/wp\/v2\/posts"}],"about":[{"href":"https:\/\/greenwichmeridien.fr\/blog\/wp-json\/wp\/v2\/types\/post"}],"author":[{"embeddable":true,"href":"https:\/\/greenwichmeridien.fr\/blog\/wp-json\/wp\/v2\/users\/34"}],"replies":[{"embeddable":true,"href":"https:\/\/greenwichmeridien.fr\/blog\/wp-json\/wp\/v2\/comments?post=7847"}],"version-history":[{"count":0,"href":"https:\/\/greenwichmeridien.fr\/blog\/wp-json\/wp\/v2\/posts\/7847\/revisions"}],"wp:attachment":[{"href":"https:\/\/greenwichmeridien.fr\/blog\/wp-json\/wp\/v2\/media?parent=7847"}],"wp:term":[{"taxonomy":"category","embeddable":true,"href":"https:\/\/greenwichmeridien.fr\/blog\/wp-json\/wp\/v2\/categories?post=7847"},{"taxonomy":"post_tag","embeddable":true,"href":"https:\/\/greenwichmeridien.fr\/blog\/wp-json\/wp\/v2\/tags?post=7847"}],"curies":[{"name":"wp","href":"https:\/\/api.w.org\/{rel}","templated":true}]}}