{"id":7848,"date":"2026-07-16T18:06:56","date_gmt":"2026-07-16T16:06:56","guid":{"rendered":"https:\/\/greenwichmeridien.fr\/blog\/histoire-et-culture\/heure-et-calendrier\/heure-et-calendrier-questions\/"},"modified":"2026-07-16T18:06:56","modified_gmt":"2026-07-16T16:06:56","slug":"heure-et-calendrier-questions","status":"publish","type":"post","link":"https:\/\/greenwichmeridien.fr\/blog\/histoire-et-culture\/heure-et-calendrier\/heure-et-calendrier-questions\/","title":{"rendered":"L&rsquo;heure et le calendrier en questions : changement d&rsquo;heure, fuseaux, jours f\u00e9ri\u00e9s"},"content":{"rendered":"<p><strong>Quand change-t-on d&rsquo;heure ? Pourquoi la France n&rsquo;est-elle pas \u00e0 l&rsquo;heure de Greenwich ? Quand tombe la prochaine ann\u00e9e bissextile ? Ce dossier r\u00e9pond, en une phrase puis en d\u00e9tail, aux questions d&rsquo;heure et de calendrier que tout le monde se pose \u2014 depuis le blog qui porte le nom du m\u00e9ridien d&rsquo;origine, c&rsquo;\u00e9tait la moindre des choses.<\/strong><\/p>\n<p>Chaque fiche suit la m\u00eame recette : la r\u00e9ponse d&rsquo;abord, un tableau de rep\u00e8res, puis le contexte pour comprendre. Toutes les dates cit\u00e9es sont issues des textes officiels (directive europ\u00e9enne, Code du travail, \u00e9ph\u00e9m\u00e9rides de l&rsquo;IMCCE).<\/p>\n<h2>L&rsquo;heure qui change<\/h2>\n<table>\n<thead>\n<tr>\n<th>La question<\/th>\n<th>La r\u00e9ponse en bref<\/th>\n<\/tr>\n<\/thead>\n<tbody>\n<tr>\n<td><a href=\"https:\/\/greenwichmeridien.fr\/blog\/histoire-et-culture\/heure-et-calendrier\/quand-change-t-on-dheure-dates-2026-2027\/\">Quand change-t-on d&rsquo;heure ? Dates 2026 et 2027<\/a><\/td>\n<td>Prochain rendez-vous : la nuit du 24 au 25 octobre 2026 (heure d&rsquo;hiver), puis le 28 mars 2027 (heure d&rsquo;\u00e9t\u00e9)<\/td>\n<\/tr>\n<tr>\n<td><a href=\"https:\/\/greenwichmeridien.fr\/blog\/histoire-et-culture\/heure-et-calendrier\/pourquoi-change-t-on-dheure-en-france\/\">Pourquoi change-t-on d&rsquo;heure en France ?<\/a><\/td>\n<td>Pour \u00e9conomiser l&rsquo;\u00e9nergie, depuis 1976 et le choc p\u00e9trolier \u2014 un gain devenu modeste<\/td>\n<\/tr>\n<tr>\n<td><a href=\"https:\/\/greenwichmeridien.fr\/blog\/histoire-et-culture\/heure-et-calendrier\/fin-du-changement-dheure-cest-pour-quand\/\">La fin du changement d&rsquo;heure, c&rsquo;est pour quand ?<\/a><\/td>\n<td>Aucune date : vot\u00e9 par le Parlement europ\u00e9en en 2019, le dossier est gel\u00e9 au Conseil de l&rsquo;UE depuis<\/td>\n<\/tr>\n<\/tbody>\n<\/table>\n<h2>Greenwich, GMT et les fuseaux<\/h2>\n<table>\n<thead>\n<tr>\n<th>La question<\/th>\n<th>La r\u00e9ponse en bref<\/th>\n<\/tr>\n<\/thead>\n<tbody>\n<tr>\n<td><a href=\"https:\/\/greenwichmeridien.fr\/blog\/histoire-et-culture\/heure-et-calendrier\/difference-entre-utc-et-gmt\/\">Quelle est la diff\u00e9rence entre UTC et GMT ?<\/a><\/td>\n<td>La m\u00eame heure au quotidien ; GMT suit la rotation de la Terre, UTC les horloges atomiques (\u00e9cart &lt; 0,9 s)<\/td>\n<\/tr>\n<tr>\n<td><a href=\"https:\/\/greenwichmeridien.fr\/blog\/histoire-et-culture\/heure-et-calendrier\/quelle-est-lheure-gmt-en-france\/\">Quelle est l&rsquo;heure GMT en France ?<\/a><\/td>\n<td>GMT+1 en hiver, GMT+2 en \u00e9t\u00e9 \u2014 un h\u00e9ritage de l&rsquo;heure allemande de 1940<\/td>\n<\/tr>\n<tr>\n<td><a href=\"https:\/\/greenwichmeridien.fr\/blog\/histoire-et-culture\/heure-et-calendrier\/pourquoi-des-fuseaux-horaires\/\">Pourquoi y a-t-il des fuseaux horaires ?<\/a><\/td>\n<td>24 bandes de 15\u00b0 d\u00e9cid\u00e9es en 1884 \u00e0 partir de Greenwich \u2014 mais l&rsquo;Inde vit \u00e0 +5 h 30 et la Chine sur un seul fuseau<\/td>\n<\/tr>\n<tr>\n<td><a href=\"https:\/\/greenwichmeridien.fr\/blog\/histoire-et-culture\/heure-et-calendrier\/pourquoi-le-midi-solaire-nest-pas-a-midi\/\">Pourquoi le midi solaire n&rsquo;est-il pas \u00e0 midi ?<\/a><\/td>\n<td>\u00c0 Paris, le soleil culmine vers 13 h 50 en \u00e9t\u00e9 : nos montres ont 1 \u00e0 2 h d&rsquo;avance sur le soleil<\/td>\n<\/tr>\n<\/tbody>\n<\/table>\n<h2>Le calendrier au quotidien<\/h2>\n<table>\n<thead>\n<tr>\n<th>La question<\/th>\n<th>La r\u00e9ponse en bref<\/th>\n<\/tr>\n<\/thead>\n<tbody>\n<tr>\n<td><a href=\"https:\/\/greenwichmeridien.fr\/blog\/histoire-et-culture\/heure-et-calendrier\/annee-bissextile-quand-est-la-prochaine\/\">Ann\u00e9e bissextile : c&rsquo;est quoi, et quand est la prochaine ?<\/a><\/td>\n<td>2028 \u2014 r\u00e8gle des 4, 100 et 400 ans, parce que l&rsquo;ann\u00e9e dure en r\u00e9alit\u00e9 365,2422 jours<\/td>\n<\/tr>\n<tr>\n<td><a href=\"https:\/\/greenwichmeridien.fr\/blog\/histoire-et-culture\/heure-et-calendrier\/numero-de-semaine-quelle-est-la-semaine-1\/\">Num\u00e9ro de semaine : quelle est la semaine 1 ?<\/a><\/td>\n<td>Celle du premier jeudi de janvier (norme ISO 8601) \u2014 et 2026 compte 53 semaines<\/td>\n<\/tr>\n<tr>\n<td><a href=\"https:\/\/greenwichmeridien.fr\/blog\/histoire-et-culture\/heure-et-calendrier\/combien-de-jours-feries-en-france\/\">Combien de jours f\u00e9ri\u00e9s en France ?<\/a><\/td>\n<td>11 jours l\u00e9gaux (13 en Alsace-Moselle) \u2014 liste et jours de la semaine pour 2026<\/td>\n<\/tr>\n<tr>\n<td><a href=\"https:\/\/greenwichmeridien.fr\/blog\/histoire-et-culture\/heure-et-calendrier\/les-jours-feries-sont-ils-payes\/\">Les jours f\u00e9ri\u00e9s sont-ils pay\u00e9s ?<\/a><\/td>\n<td>Seul le 1er mai est obligatoirement ch\u00f4m\u00e9 et pay\u00e9 ; le reste d\u00e9pend de votre convention collective<\/td>\n<\/tr>\n<tr>\n<td><a href=\"https:\/\/greenwichmeridien.fr\/blog\/histoire-et-culture\/heure-et-calendrier\/solstice-et-equinoxe-quelle-difference\/\">Solstice et \u00e9quinoxe : quelle diff\u00e9rence ?<\/a><\/td>\n<td>Solstice = jour extr\u00eame (21 juin, 21 d\u00e9cembre 2026) ; \u00e9quinoxe = jour \u2248 nuit (20 mars, 23 septembre 2026)<\/td>\n<\/tr>\n<\/tbody>\n<\/table>\n<h2>Pourquoi ces questions se croisent toutes ici<\/h2>\n<p>Toutes ces histoires ont un point commun : le m\u00e9ridien de Greenwich. C&rsquo;est de l\u00e0 que partent les fuseaux horaires (conf\u00e9rence de Washington, 1884), c&rsquo;est par rapport \u00e0 lui que se d\u00e9finissent GMT puis UTC, et c&rsquo;est en s&rsquo;en \u00e9loignant \u2014 d&rsquo;une heure en 1940, d&rsquo;une seconde intercalaire en 2016 \u2014 que nos horloges racontent l&rsquo;histoire. Le calendrier, lui, r\u00e9pond \u00e0 l&rsquo;autre horloge : celle de l&rsquo;orbite terrestre, avec ses 365,2422 jours qui obligent \u00e0 rajouter un 29 f\u00e9vrier de temps en temps. Entre les deux, il y a nos vies : des ponts de mai, des num\u00e9ros de semaine et des r\u00e9veils d\u00e9r\u00e9gl\u00e9s deux nuits par an.<\/p>\n","protected":false},"excerpt":{"rendered":"","protected":false},"author":34,"featured_media":999999999,"comment_status":"open","ping_status":"open","sticky":false,"template":"","format":"standard","meta":{"_acf_changed":false,"manual_indexmenow":false,"indexmenow_id_project":0,"footnotes":""},"categories":[4824],"tags":[],"class_list":["post-7848","post","type-post","status-publish","format-standard","has-post-thumbnail","hentry","category-heure-et-calendrier","generate-columns","tablet-grid-50","mobile-grid-100","grid-parent","grid-25"],"acf":[],"yoast_head":"<!-- This site is optimized with the Yoast SEO Premium plugin v21.3 (Yoast SEO v25.6) - https:\/\/yoast.com\/wordpress\/plugins\/seo\/ -->\n<title>L&#039;heure et le calendrier en questions : changement d&#039;heure, fuseaux, jours f\u00e9ri\u00e9s<\/title>\n<meta name=\"description\" content=\"Quand change-t-on d&#039;heure ? Pourquoi la France n&#039;est-elle pas \u00e0 l&#039;heure de Greenwich ? Quand tombe la prochaine ann\u00e9e bissextile ? Ce dossier r\u00e9pond, en\" \/>\n<meta name=\"robots\" content=\"index, follow, max-snippet:-1, max-image-preview:large, max-video-preview:-1\" \/>\n<link rel=\"canonical\" href=\"https:\/\/greenwichmeridien.fr\/blog\/histoire-et-culture\/heure-et-calendrier\/heure-et-calendrier-questions\/\" \/>\n<meta property=\"og:locale\" content=\"fr_FR\" \/>\n<meta property=\"og:type\" content=\"article\" \/>\n<meta property=\"og:title\" content=\"L&#039;heure et le calendrier en questions : changement d&#039;heure, fuseaux, jours f\u00e9ri\u00e9s\" \/>\n<meta property=\"og:description\" content=\"Quand change-t-on d&#039;heure ? Pourquoi la France n&#039;est-elle pas \u00e0 l&#039;heure de Greenwich ? Quand tombe la prochaine ann\u00e9e bissextile ? Ce dossier r\u00e9pond, en\" \/>\n<meta property=\"og:url\" content=\"https:\/\/greenwichmeridien.fr\/blog\/histoire-et-culture\/heure-et-calendrier\/heure-et-calendrier-questions\/\" \/>\n<meta property=\"og:site_name\" content=\"greenwichmeridien\" \/>\n<meta name=\"author\" content=\"Samuel Chalmin\" \/>\n<meta name=\"twitter:card\" content=\"summary_large_image\" \/>\n<script type=\"application\/ld+json\" class=\"yoast-schema-graph\">{\"@context\":\"https:\/\/schema.org\",\"@graph\":[{\"@type\":\"NewsArticle\",\"@id\":\"https:\/\/greenwichmeridien.fr\/blog\/histoire-et-culture\/heure-et-calendrier\/heure-et-calendrier-questions\/#article\",\"isPartOf\":{\"@id\":\"https:\/\/greenwichmeridien.fr\/blog\/histoire-et-culture\/heure-et-calendrier\/heure-et-calendrier-questions\/\"},\"author\":{\"name\":\"Samuel Chalmin\",\"@id\":\"https:\/\/greenwichmeridien.fr\/blog\/#\/schema\/person\/3c864cdc320801e3db34b663e7e3f816\"},\"headline\":\"L&rsquo;heure et le calendrier en questions : changement d&rsquo;heure, fuseaux, jours f\u00e9ri\u00e9s\",\"datePublished\":\"2026-07-16T16:06:56+00:00\",\"mainEntityOfPage\":{\"@id\":\"https:\/\/greenwichmeridien.fr\/blog\/histoire-et-culture\/heure-et-calendrier\/heure-et-calendrier-questions\/\"},\"wordCount\":559,\"commentCount\":0,\"publisher\":{\"@id\":\"https:\/\/greenwichmeridien.fr\/blog\/#organization\"},\"image\":{\"@id\":\"https:\/\/greenwichmeridien.fr\/blog\/histoire-et-culture\/heure-et-calendrier\/heure-et-calendrier-questions\/#primaryimage\"},\"thumbnailUrl\":\"https:\/\/images.pexels.com\/photos\/17668838\/pexels-photo-17668838.jpeg?auto=compress&cs=tinysrgb&fit=crop&h=627&w=1200\",\"articleSection\":[\"L'heure &amp; le calendrier\"],\"inLanguage\":\"fr-FR\",\"potentialAction\":[{\"@type\":\"CommentAction\",\"name\":\"Comment\",\"target\":[\"https:\/\/greenwichmeridien.fr\/blog\/histoire-et-culture\/heure-et-calendrier\/heure-et-calendrier-questions\/#respond\"]}]},{\"@type\":\"WebPage\",\"@id\":\"https:\/\/greenwichmeridien.fr\/blog\/histoire-et-culture\/heure-et-calendrier\/heure-et-calendrier-questions\/\",\"url\":\"https:\/\/greenwichmeridien.fr\/blog\/histoire-et-culture\/heure-et-calendrier\/heure-et-calendrier-questions\/\",\"name\":\"L'heure et le calendrier en questions : changement d'heure, fuseaux, jours f\u00e9ri\u00e9s\",\"isPartOf\":{\"@id\":\"https:\/\/greenwichmeridien.fr\/blog\/#website\"},\"primaryImageOfPage\":{\"@id\":\"https:\/\/greenwichmeridien.fr\/blog\/histoire-et-culture\/heure-et-calendrier\/heure-et-calendrier-questions\/#primaryimage\"},\"image\":{\"@id\":\"https:\/\/greenwichmeridien.fr\/blog\/histoire-et-culture\/heure-et-calendrier\/heure-et-calendrier-questions\/#primaryimage\"},\"thumbnailUrl\":\"https:\/\/images.pexels.com\/photos\/17668838\/pexels-photo-17668838.jpeg?auto=compress&cs=tinysrgb&fit=crop&h=627&w=1200\",\"datePublished\":\"2026-07-16T16:06:56+00:00\",\"description\":\"Quand change-t-on d'heure ? Pourquoi la France n'est-elle pas \u00e0 l'heure de Greenwich ? Quand tombe la prochaine ann\u00e9e bissextile ? Ce dossier r\u00e9pond, en\",\"inLanguage\":\"fr-FR\",\"potentialAction\":[{\"@type\":\"ReadAction\",\"target\":[\"https:\/\/greenwichmeridien.fr\/blog\/histoire-et-culture\/heure-et-calendrier\/heure-et-calendrier-questions\/\"]}]},{\"@type\":\"ImageObject\",\"inLanguage\":\"fr-FR\",\"@id\":\"https:\/\/greenwichmeridien.fr\/blog\/histoire-et-culture\/heure-et-calendrier\/heure-et-calendrier-questions\/#primaryimage\",\"url\":\"https:\/\/images.pexels.com\/photos\/17668838\/pexels-photo-17668838.jpeg?auto=compress&cs=tinysrgb&fit=crop&h=627&w=1200\",\"contentUrl\":\"https:\/\/images.pexels.com\/photos\/17668838\/pexels-photo-17668838.jpeg?auto=compress&cs=tinysrgb&fit=crop&h=627&w=1200\"},{\"@type\":\"WebSite\",\"@id\":\"https:\/\/greenwichmeridien.fr\/blog\/#website\",\"url\":\"https:\/\/greenwichmeridien.fr\/blog\/\",\"name\":\"Greenwich M\u00e9ridien\",\"description\":\"Greenwich M\u00e9ridien, le rep\u00e8re du temps et du voyage\",\"publisher\":{\"@id\":\"https:\/\/greenwichmeridien.fr\/blog\/#organization\"},\"alternateName\":\"Greenwich M\u00e9ridien, le rep\u00e8re du temps et du voyage\",\"potentialAction\":[{\"@type\":\"SearchAction\",\"target\":{\"@type\":\"EntryPoint\",\"urlTemplate\":\"https:\/\/greenwichmeridien.fr\/blog\/?s={search_term_string}\"},\"query-input\":{\"@type\":\"PropertyValueSpecification\",\"valueRequired\":true,\"valueName\":\"search_term_string\"}}],\"inLanguage\":\"fr-FR\"},{\"@type\":\"Organization\",\"@id\":\"https:\/\/greenwichmeridien.fr\/blog\/#organization\",\"name\":\"Greenwich M\u00e9ridien\",\"alternateName\":\"Greenwich M\u00e9ridien\",\"url\":\"https:\/\/greenwichmeridien.fr\/blog\/\",\"logo\":{\"@type\":\"ImageObject\",\"inLanguage\":\"fr-FR\",\"@id\":\"https:\/\/greenwichmeridien.fr\/blog\/#\/schema\/logo\/image\/\",\"url\":\"https:\/\/greenwichmeridien.fr\/blog\/wp-content\/uploads\/2024\/12\/greenwichmeridien.png\",\"contentUrl\":\"https:\/\/greenwichmeridien.fr\/blog\/wp-content\/uploads\/2024\/12\/greenwichmeridien.png\",\"width\":500,\"height\":500,\"caption\":\"Greenwich M\u00e9ridien\"},\"image\":{\"@id\":\"https:\/\/greenwichmeridien.fr\/blog\/#\/schema\/logo\/image\/\"}},{\"@type\":\"Person\",\"@id\":\"https:\/\/greenwichmeridien.fr\/blog\/#\/schema\/person\/3c864cdc320801e3db34b663e7e3f816\",\"name\":\"Samuel Chalmin\",\"image\":{\"@type\":\"ImageObject\",\"inLanguage\":\"fr-FR\",\"@id\":\"https:\/\/greenwichmeridien.fr\/blog\/#\/schema\/person\/image\/\",\"url\":\"https:\/\/secure.gravatar.com\/avatar\/cef3677de7d237273d13053728f9470818581a8a27d9bf6f5039fd18508a905f?s=96&d=mm&r=g\",\"contentUrl\":\"https:\/\/secure.gravatar.com\/avatar\/cef3677de7d237273d13053728f9470818581a8a27d9bf6f5039fd18508a905f?s=96&d=mm&r=g\",\"caption\":\"Samuel Chalmin\"},\"description\":\"R\u00e9dacteur du site, il suit les questions de temps et de calendrier : m\u00e9ridien de Greenwich, heure GMT et UTC, fuseaux horaires, changement d'heure, ann\u00e9es bissextiles et jours f\u00e9ri\u00e9s.\",\"sameAs\":[\"https:\/\/samuelchalmin.fr\/\"],\"url\":\"https:\/\/greenwichmeridien.fr\/blog\/auteur\/noname\/\"}]}<\/script>\n<!-- \/ Yoast SEO Premium plugin. -->","yoast_head_json":{"title":"L'heure et le calendrier en questions : changement d'heure, fuseaux, jours f\u00e9ri\u00e9s","description":"Quand change-t-on d'heure ? Pourquoi la France n'est-elle pas \u00e0 l'heure de Greenwich ? Quand tombe la prochaine ann\u00e9e bissextile ? Ce dossier r\u00e9pond, en","robots":{"index":"index","follow":"follow","max-snippet":"max-snippet:-1","max-image-preview":"max-image-preview:large","max-video-preview":"max-video-preview:-1"},"canonical":"https:\/\/greenwichmeridien.fr\/blog\/histoire-et-culture\/heure-et-calendrier\/heure-et-calendrier-questions\/","og_locale":"fr_FR","og_type":"article","og_title":"L'heure et le calendrier en questions : changement d'heure, fuseaux, jours f\u00e9ri\u00e9s","og_description":"Quand change-t-on d'heure ? Pourquoi la France n'est-elle pas \u00e0 l'heure de Greenwich ? Quand tombe la prochaine ann\u00e9e bissextile ? Ce dossier r\u00e9pond, en","og_url":"https:\/\/greenwichmeridien.fr\/blog\/histoire-et-culture\/heure-et-calendrier\/heure-et-calendrier-questions\/","og_site_name":"greenwichmeridien","author":"Samuel Chalmin","twitter_card":"summary_large_image","schema":{"@context":"https:\/\/schema.org","@graph":[{"@type":"NewsArticle","@id":"https:\/\/greenwichmeridien.fr\/blog\/histoire-et-culture\/heure-et-calendrier\/heure-et-calendrier-questions\/#article","isPartOf":{"@id":"https:\/\/greenwichmeridien.fr\/blog\/histoire-et-culture\/heure-et-calendrier\/heure-et-calendrier-questions\/"},"author":{"name":"Samuel Chalmin","@id":"https:\/\/greenwichmeridien.fr\/blog\/#\/schema\/person\/3c864cdc320801e3db34b663e7e3f816"},"headline":"L&rsquo;heure et le calendrier en questions : changement d&rsquo;heure, fuseaux, jours f\u00e9ri\u00e9s","datePublished":"2026-07-16T16:06:56+00:00","mainEntityOfPage":{"@id":"https:\/\/greenwichmeridien.fr\/blog\/histoire-et-culture\/heure-et-calendrier\/heure-et-calendrier-questions\/"},"wordCount":559,"commentCount":0,"publisher":{"@id":"https:\/\/greenwichmeridien.fr\/blog\/#organization"},"image":{"@id":"https:\/\/greenwichmeridien.fr\/blog\/histoire-et-culture\/heure-et-calendrier\/heure-et-calendrier-questions\/#primaryimage"},"thumbnailUrl":"https:\/\/images.pexels.com\/photos\/17668838\/pexels-photo-17668838.jpeg?auto=compress&cs=tinysrgb&fit=crop&h=627&w=1200","articleSection":["L'heure &amp; le calendrier"],"inLanguage":"fr-FR","potentialAction":[{"@type":"CommentAction","name":"Comment","target":["https:\/\/greenwichmeridien.fr\/blog\/histoire-et-culture\/heure-et-calendrier\/heure-et-calendrier-questions\/#respond"]}]},{"@type":"WebPage","@id":"https:\/\/greenwichmeridien.fr\/blog\/histoire-et-culture\/heure-et-calendrier\/heure-et-calendrier-questions\/","url":"https:\/\/greenwichmeridien.fr\/blog\/histoire-et-culture\/heure-et-calendrier\/heure-et-calendrier-questions\/","name":"L'heure et le calendrier en questions : changement d'heure, fuseaux, jours f\u00e9ri\u00e9s","isPartOf":{"@id":"https:\/\/greenwichmeridien.fr\/blog\/#website"},"primaryImageOfPage":{"@id":"https:\/\/greenwichmeridien.fr\/blog\/histoire-et-culture\/heure-et-calendrier\/heure-et-calendrier-questions\/#primaryimage"},"image":{"@id":"https:\/\/greenwichmeridien.fr\/blog\/histoire-et-culture\/heure-et-calendrier\/heure-et-calendrier-questions\/#primaryimage"},"thumbnailUrl":"https:\/\/images.pexels.com\/photos\/17668838\/pexels-photo-17668838.jpeg?auto=compress&cs=tinysrgb&fit=crop&h=627&w=1200","datePublished":"2026-07-16T16:06:56+00:00","description":"Quand change-t-on d'heure ? Pourquoi la France n'est-elle pas \u00e0 l'heure de Greenwich ? Quand tombe la prochaine ann\u00e9e bissextile ? Ce dossier r\u00e9pond, en","inLanguage":"fr-FR","potentialAction":[{"@type":"ReadAction","target":["https:\/\/greenwichmeridien.fr\/blog\/histoire-et-culture\/heure-et-calendrier\/heure-et-calendrier-questions\/"]}]},{"@type":"ImageObject","inLanguage":"fr-FR","@id":"https:\/\/greenwichmeridien.fr\/blog\/histoire-et-culture\/heure-et-calendrier\/heure-et-calendrier-questions\/#primaryimage","url":"https:\/\/images.pexels.com\/photos\/17668838\/pexels-photo-17668838.jpeg?auto=compress&cs=tinysrgb&fit=crop&h=627&w=1200","contentUrl":"https:\/\/images.pexels.com\/photos\/17668838\/pexels-photo-17668838.jpeg?auto=compress&cs=tinysrgb&fit=crop&h=627&w=1200"},{"@type":"WebSite","@id":"https:\/\/greenwichmeridien.fr\/blog\/#website","url":"https:\/\/greenwichmeridien.fr\/blog\/","name":"Greenwich M\u00e9ridien","description":"Greenwich M\u00e9ridien, le rep\u00e8re du temps et du voyage","publisher":{"@id":"https:\/\/greenwichmeridien.fr\/blog\/#organization"},"alternateName":"Greenwich M\u00e9ridien, le rep\u00e8re du temps et du voyage","potentialAction":[{"@type":"SearchAction","target":{"@type":"EntryPoint","urlTemplate":"https:\/\/greenwichmeridien.fr\/blog\/?s={search_term_string}"},"query-input":{"@type":"PropertyValueSpecification","valueRequired":true,"valueName":"search_term_string"}}],"inLanguage":"fr-FR"},{"@type":"Organization","@id":"https:\/\/greenwichmeridien.fr\/blog\/#organization","name":"Greenwich M\u00e9ridien","alternateName":"Greenwich M\u00e9ridien","url":"https:\/\/greenwichmeridien.fr\/blog\/","logo":{"@type":"ImageObject","inLanguage":"fr-FR","@id":"https:\/\/greenwichmeridien.fr\/blog\/#\/schema\/logo\/image\/","url":"https:\/\/greenwichmeridien.fr\/blog\/wp-content\/uploads\/2024\/12\/greenwichmeridien.png","contentUrl":"https:\/\/greenwichmeridien.fr\/blog\/wp-content\/uploads\/2024\/12\/greenwichmeridien.png","width":500,"height":500,"caption":"Greenwich M\u00e9ridien"},"image":{"@id":"https:\/\/greenwichmeridien.fr\/blog\/#\/schema\/logo\/image\/"}},{"@type":"Person","@id":"https:\/\/greenwichmeridien.fr\/blog\/#\/schema\/person\/3c864cdc320801e3db34b663e7e3f816","name":"Samuel Chalmin","image":{"@type":"ImageObject","inLanguage":"fr-FR","@id":"https:\/\/greenwichmeridien.fr\/blog\/#\/schema\/person\/image\/","url":"https:\/\/secure.gravatar.com\/avatar\/cef3677de7d237273d13053728f9470818581a8a27d9bf6f5039fd18508a905f?s=96&d=mm&r=g","contentUrl":"https:\/\/secure.gravatar.com\/avatar\/cef3677de7d237273d13053728f9470818581a8a27d9bf6f5039fd18508a905f?s=96&d=mm&r=g","caption":"Samuel Chalmin"},"description":"R\u00e9dacteur du site, il suit les questions de temps et de calendrier : m\u00e9ridien de Greenwich, heure GMT et UTC, fuseaux horaires, changement d'heure, ann\u00e9es bissextiles et jours f\u00e9ri\u00e9s.","sameAs":["https:\/\/samuelchalmin.fr\/"],"url":"https:\/\/greenwichmeridien.fr\/blog\/auteur\/noname\/"}]}},"_links":{"self":[{"href":"https:\/\/greenwichmeridien.fr\/blog\/wp-json\/wp\/v2\/posts\/7848","targetHints":{"allow":["GET"]}}],"collection":[{"href":"https:\/\/greenwichmeridien.fr\/blog\/wp-json\/wp\/v2\/posts"}],"about":[{"href":"https:\/\/greenwichmeridien.fr\/blog\/wp-json\/wp\/v2\/types\/post"}],"author":[{"embeddable":true,"href":"https:\/\/greenwichmeridien.fr\/blog\/wp-json\/wp\/v2\/users\/34"}],"replies":[{"embeddable":true,"href":"https:\/\/greenwichmeridien.fr\/blog\/wp-json\/wp\/v2\/comments?post=7848"}],"version-history":[{"count":0,"href":"https:\/\/greenwichmeridien.fr\/blog\/wp-json\/wp\/v2\/posts\/7848\/revisions"}],"wp:attachment":[{"href":"https:\/\/greenwichmeridien.fr\/blog\/wp-json\/wp\/v2\/media?parent=7848"}],"wp:term":[{"taxonomy":"category","embeddable":true,"href":"https:\/\/greenwichmeridien.fr\/blog\/wp-json\/wp\/v2\/categories?post=7848"},{"taxonomy":"post_tag","embeddable":true,"href":"https:\/\/greenwichmeridien.fr\/blog\/wp-json\/wp\/v2\/tags?post=7848"}],"curies":[{"name":"wp","href":"https:\/\/api.w.org\/{rel}","templated":true}]}}